{"id":31827,"date":"2024-10-04T15:05:00","date_gmt":"2024-10-04T14:05:00","guid":{"rendered":"https:\/\/www.ayuntamientodeharia.com\/haria\/?p=31827"},"modified":"2024-10-04T15:05:00","modified_gmt":"2024-10-04T14:05:00","slug":"haria-inaugura-el-proyecto-haria-una-vez-con-una-sesion-de-cantalecturas-en-familia","status":"publish","type":"post","link":"https:\/\/www.ayuntamientodeharia.com\/haria\/haria-inaugura-el-proyecto-haria-una-vez-con-una-sesion-de-cantalecturas-en-familia\/","title":{"rendered":"Har\u00eda inaugura el proyecto &#8216;Har\u00eda una vez&#8217; con una sesi\u00f3n de Cantalecturas en familia"},"content":{"rendered":"<p><span style=\"font-weight: 400;\">El Ayuntamiento de Har\u00eda anuncia la primera actividad del proyecto para la dinamizaci\u00f3n de la biblioteca &#8216;Har\u00eda una vez&#8217;. Se tratar\u00e1 de un cantalecturas, que se llevar\u00e1 a cabo el pr\u00f3ximo viernes, 4 de octubre, a las 17:30 horas.<\/span><\/p>\n<p><span style=\"font-weight: 400;\">Esta acci\u00f3n estar\u00e1 coordinada por Marta Ranch, y se tratar\u00e1 de una sesi\u00f3n de canto, movimiento y animaci\u00f3n a la lectura, dise\u00f1ada para disfrutar en familia. Dirigida a ni\u00f1os y ni\u00f1as de 0 a 6 a\u00f1os, en la que tambi\u00e9n podr\u00e1n participar los hermanos y hermanas de diferentes edades, as\u00ed como adultos cercanos (mam\u00e1s, pap\u00e1s, abuelos, abuelas, etc.).<\/span><\/p>\n<p><span style=\"font-weight: 400;\">El aforo es limitado,\u00a0 las inscripciones se abrir\u00e1n el lunes 30 de septiembre y se realizar\u00e1n a trav\u00e9s del tel\u00e9fono 928 83 53 11.<\/span><\/p>\n","protected":false},"excerpt":{"rendered":"<p>El Ayuntamiento de Har\u00eda anuncia la primera actividad del proyecto para la dinamizaci\u00f3n de la biblioteca &#8216;Har\u00eda una vez&#8217;. Se tratar\u00e1 de un cantalecturas, que se llevar\u00e1 a cabo el pr\u00f3ximo viernes, 4 de octubre, a las 17:30 horas. Esta acci\u00f3n estar\u00e1 coordinada por Marta Ranch, y se tratar\u00e1 de una sesi\u00f3n de canto, movimiento [&hellip;]<\/p>\n","protected":false},"author":13,"featured_media":0,"comment_status":"closed","ping_status":"closed","sticky":false,"template":"","format":"standard","meta":{"footnotes":""},"categories":[16,19],"tags":[],"class_list":["post-31827","post","type-post","status-publish","format-standard","hentry","category-cultura","category-formacion"],"_links":{"self":[{"href":"https:\/\/www.ayuntamientodeharia.com\/haria\/wp-json\/wp\/v2\/posts\/31827","targetHints":{"allow":["GET"]}}],"collection":[{"href":"https:\/\/www.ayuntamientodeharia.com\/haria\/wp-json\/wp\/v2\/posts"}],"about":[{"href":"https:\/\/www.ayuntamientodeharia.com\/haria\/wp-json\/wp\/v2\/types\/post"}],"author":[{"embeddable":true,"href":"https:\/\/www.ayuntamientodeharia.com\/haria\/wp-json\/wp\/v2\/users\/13"}],"replies":[{"embeddable":true,"href":"https:\/\/www.ayuntamientodeharia.com\/haria\/wp-json\/wp\/v2\/comments?post=31827"}],"version-history":[{"count":1,"href":"https:\/\/www.ayuntamientodeharia.com\/haria\/wp-json\/wp\/v2\/posts\/31827\/revisions"}],"predecessor-version":[{"id":31828,"href":"https:\/\/www.ayuntamientodeharia.com\/haria\/wp-json\/wp\/v2\/posts\/31827\/revisions\/31828"}],"wp:attachment":[{"href":"https:\/\/www.ayuntamientodeharia.com\/haria\/wp-json\/wp\/v2\/media?parent=31827"}],"wp:term":[{"taxonomy":"category","embeddable":true,"href":"https:\/\/www.ayuntamientodeharia.com\/haria\/wp-json\/wp\/v2\/categories?post=31827"},{"taxonomy":"post_tag","embeddable":true,"href":"https:\/\/www.ayuntamientodeharia.com\/haria\/wp-json\/wp\/v2\/tags?post=31827"}],"curies":[{"name":"wp","href":"https:\/\/api.w.org\/{rel}","templated":true}]}}