{"id":31808,"date":"2024-10-04T14:49:22","date_gmt":"2024-10-04T13:49:22","guid":{"rendered":"https:\/\/www.ayuntamientodeharia.com\/haria\/?p=31808"},"modified":"2024-10-04T14:49:22","modified_gmt":"2024-10-04T13:49:22","slug":"nuevos-grupos-de-difusion-de-whatsapp-para-informar-sobre-actos-culturales-y-para-mayores","status":"publish","type":"post","link":"https:\/\/www.ayuntamientodeharia.com\/haria\/nuevos-grupos-de-difusion-de-whatsapp-para-informar-sobre-actos-culturales-y-para-mayores\/","title":{"rendered":"Nuevos grupos de difusi\u00f3n de WhatsApp para informar sobre actos culturales y para mayores"},"content":{"rendered":"<p><span style=\"font-weight: 400;\">El Ayuntamiento de Har\u00eda informa de que se ha creado un grupo de difusi\u00f3n espec\u00edfico, con el objetivo de mantener a nuestra comunidad informada sobre las actividades y eventos culturales. Las personas interesadas en recibir informaci\u00f3n inmediata sobre las actividades del \u00e1rea de Cultura pueden solicitar su inclusi\u00f3n en el grupo a trav\u00e9s de nuestra p\u00e1gina web: <\/span><a href=\"http:\/\/www.culturedharia.com\"><span style=\"font-weight: 400;\">www.culturedharia.com<\/span><\/a><span style=\"font-weight: 400;\">\u00a0<\/span><\/p>\n<p><span style=\"font-weight: 400;\">Adem\u00e1s, los mayores que deseen formar parte del grupo de difusi\u00f3n y estar al tanto de las actividades dirigidas a ellos, pueden hacerlo rellenando la autorizaci\u00f3n disponible en el \u00e1rea de Bienestar Social.\u00a0<\/span><\/p>\n<p><span style=\"font-weight: 400;\">Invitamos a la comunidad a aprovechar esta oportunidad para estar al tanto de los eventos y actividades que se realizar\u00e1n en el municipio.<\/span><\/p>\n","protected":false},"excerpt":{"rendered":"<p>El Ayuntamiento de Har\u00eda informa de que se ha creado un grupo de difusi\u00f3n espec\u00edfico, con el objetivo de mantener a nuestra comunidad informada sobre las actividades y eventos culturales. Las personas interesadas en recibir informaci\u00f3n inmediata sobre las actividades del \u00e1rea de Cultura pueden solicitar su inclusi\u00f3n en el grupo a trav\u00e9s de nuestra [&hellip;]<\/p>\n","protected":false},"author":13,"featured_media":0,"comment_status":"closed","ping_status":"closed","sticky":false,"template":"","format":"standard","meta":{"footnotes":""},"categories":[16,61],"tags":[],"class_list":["post-31808","post","type-post","status-publish","format-standard","hentry","category-cultura","category-tercera-edad"],"_links":{"self":[{"href":"https:\/\/www.ayuntamientodeharia.com\/haria\/wp-json\/wp\/v2\/posts\/31808","targetHints":{"allow":["GET"]}}],"collection":[{"href":"https:\/\/www.ayuntamientodeharia.com\/haria\/wp-json\/wp\/v2\/posts"}],"about":[{"href":"https:\/\/www.ayuntamientodeharia.com\/haria\/wp-json\/wp\/v2\/types\/post"}],"author":[{"embeddable":true,"href":"https:\/\/www.ayuntamientodeharia.com\/haria\/wp-json\/wp\/v2\/users\/13"}],"replies":[{"embeddable":true,"href":"https:\/\/www.ayuntamientodeharia.com\/haria\/wp-json\/wp\/v2\/comments?post=31808"}],"version-history":[{"count":2,"href":"https:\/\/www.ayuntamientodeharia.com\/haria\/wp-json\/wp\/v2\/posts\/31808\/revisions"}],"predecessor-version":[{"id":31810,"href":"https:\/\/www.ayuntamientodeharia.com\/haria\/wp-json\/wp\/v2\/posts\/31808\/revisions\/31810"}],"wp:attachment":[{"href":"https:\/\/www.ayuntamientodeharia.com\/haria\/wp-json\/wp\/v2\/media?parent=31808"}],"wp:term":[{"taxonomy":"category","embeddable":true,"href":"https:\/\/www.ayuntamientodeharia.com\/haria\/wp-json\/wp\/v2\/categories?post=31808"},{"taxonomy":"post_tag","embeddable":true,"href":"https:\/\/www.ayuntamientodeharia.com\/haria\/wp-json\/wp\/v2\/tags?post=31808"}],"curies":[{"name":"wp","href":"https:\/\/api.w.org\/{rel}","templated":true}]}}