{"id":31757,"date":"2024-09-20T14:49:30","date_gmt":"2024-09-20T13:49:30","guid":{"rendered":"https:\/\/www.ayuntamientodeharia.com\/haria\/?p=31757"},"modified":"2024-09-20T14:49:30","modified_gmt":"2024-09-20T13:49:30","slug":"caminata-de-mayores-por-el-arrecife-portuario","status":"publish","type":"post","link":"https:\/\/www.ayuntamientodeharia.com\/haria\/caminata-de-mayores-por-el-arrecife-portuario\/","title":{"rendered":"Caminata de mayores por el Arrecife portuario"},"content":{"rendered":"<p><span style=\"font-weight: 400;\">El proyecto Ponte en Marcha, organizado por el Cabildo de Lanzarote, los ayuntamientos y las asociaciones de mayores de la Isla, contin\u00faa con las caminatas para las personas de la tercera edad. Esta iniciativa tiene el objetivo promover la actividad f\u00edsica y fomentar h\u00e1bitos saludables de la comunidad.\u00a0<\/span><\/p>\n<p><span style=\"font-weight: 400;\">El s\u00e1bado 28 de septiembre se llevar\u00e1 a cabo el recorrido denominado \u2018Arrecife Portuaria\u2019, que consta de varias paradas en las que las personas asistentes podr\u00e1n conocer la historia del lugar de la mano de los monitores y las monitoras. Ser\u00e1 un total de seis paradas, de 10 minutos cada una, donde se comentar\u00e1 la historia de Arrecife, la cultura del agua, y la vida marinera, entre otros.\u00a0<\/span><\/p>\n<p><span style=\"font-weight: 400;\">Las personas interesadas podr\u00e1n reservar su plaza en la guagua llamando al tel\u00e9fono del \u00c1rea de Mayores del Ayuntamiento de Har\u00eda 637893074, de lunes a viernes de 08:30 a 14:00 horas, antes del mi\u00e9rcoles 25 de septiembre. Quienes vayan en su coche, el punto de encuentro ser\u00e1 la explanada de la zona del Cabildo.<\/span><\/p>\n","protected":false},"excerpt":{"rendered":"<p>El proyecto Ponte en Marcha, organizado por el Cabildo de Lanzarote, los ayuntamientos y las asociaciones de mayores de la Isla, contin\u00faa con las caminatas para las personas de la tercera edad. Esta iniciativa tiene el objetivo promover la actividad f\u00edsica y fomentar h\u00e1bitos saludables de la comunidad.\u00a0 El s\u00e1bado 28 de septiembre se llevar\u00e1 [&hellip;]<\/p>\n","protected":false},"author":13,"featured_media":0,"comment_status":"closed","ping_status":"closed","sticky":false,"template":"","format":"standard","meta":{"footnotes":""},"categories":[17,425],"tags":[],"class_list":["post-31757","post","type-post","status-publish","format-standard","hentry","category-deportes","category-destacado"],"_links":{"self":[{"href":"https:\/\/www.ayuntamientodeharia.com\/haria\/wp-json\/wp\/v2\/posts\/31757","targetHints":{"allow":["GET"]}}],"collection":[{"href":"https:\/\/www.ayuntamientodeharia.com\/haria\/wp-json\/wp\/v2\/posts"}],"about":[{"href":"https:\/\/www.ayuntamientodeharia.com\/haria\/wp-json\/wp\/v2\/types\/post"}],"author":[{"embeddable":true,"href":"https:\/\/www.ayuntamientodeharia.com\/haria\/wp-json\/wp\/v2\/users\/13"}],"replies":[{"embeddable":true,"href":"https:\/\/www.ayuntamientodeharia.com\/haria\/wp-json\/wp\/v2\/comments?post=31757"}],"version-history":[{"count":1,"href":"https:\/\/www.ayuntamientodeharia.com\/haria\/wp-json\/wp\/v2\/posts\/31757\/revisions"}],"predecessor-version":[{"id":31758,"href":"https:\/\/www.ayuntamientodeharia.com\/haria\/wp-json\/wp\/v2\/posts\/31757\/revisions\/31758"}],"wp:attachment":[{"href":"https:\/\/www.ayuntamientodeharia.com\/haria\/wp-json\/wp\/v2\/media?parent=31757"}],"wp:term":[{"taxonomy":"category","embeddable":true,"href":"https:\/\/www.ayuntamientodeharia.com\/haria\/wp-json\/wp\/v2\/categories?post=31757"},{"taxonomy":"post_tag","embeddable":true,"href":"https:\/\/www.ayuntamientodeharia.com\/haria\/wp-json\/wp\/v2\/tags?post=31757"}],"curies":[{"name":"wp","href":"https:\/\/api.w.org\/{rel}","templated":true}]}}