{"id":31754,"date":"2024-09-20T14:48:30","date_gmt":"2024-09-20T13:48:30","guid":{"rendered":"https:\/\/www.ayuntamientodeharia.com\/haria\/?p=31754"},"modified":"2024-09-20T14:48:30","modified_gmt":"2024-09-20T13:48:30","slug":"un-nuevo-pateus-nocturnus-a-traves-de-la-ruta-circular-valle-palomo","status":"publish","type":"post","link":"https:\/\/www.ayuntamientodeharia.com\/haria\/un-nuevo-pateus-nocturnus-a-traves-de-la-ruta-circular-valle-palomo\/","title":{"rendered":"Un nuevo \u2018Pateus Nocturnus\u2019 a trav\u00e9s de la ruta circular Valle Palomo\u00a0"},"content":{"rendered":"<p><span style=\"font-weight: 400;\">El Ayuntamiento de Har\u00eda, a trav\u00e9s del departamento de Juventud, organiza una nueva edici\u00f3n de la iniciativa Pateus Nocturnus, que atraviesa la ruta circular Valle Palomo, en la localidad de Mala. Este encuentro tendr\u00e1 lugar el pr\u00f3ximo jueves 26 de septiembre, a las 19:30 horas.<\/span><\/p>\n<p><span style=\"font-weight: 400;\">La acci\u00f3n consta de un recorrido de dificultad f\u00e1cil, pensado para cualquiera que quiera disfrutar de un paseo nocturno en un entorno \u00fanico. La ruta tendr\u00e1 una duraci\u00f3n aproximada de dos horas, siendo el punto de salida la Iglesia de Las Mercedes.<\/span><\/p>\n<p><span style=\"font-weight: 400;\">Las personas interesadas en acudir al encuentro deber\u00e1n inscribirse por WhatsApp en el n\u00famero de tel\u00e9fono 646032160. Las plazas son limitadas y se ir\u00e1n cubriendo por orden de inscripci\u00f3n. Deber\u00e1n llevar agua, una linterna, adem\u00e1s de ropa y calzado adecuado para la actividad. Los ni\u00f1os y las ni\u00f1as menores de 12 a\u00f1os deber\u00e1n ir acompa\u00f1ados por un adulto.<\/span><\/p>\n<p><span style=\"font-weight: 400;\">Para m\u00e1s informaci\u00f3n puede llamar a los tel\u00e9fonos 928835009 extensi\u00f3n 6 y 637893535, o contactar a trav\u00e9s del correo electr\u00f3nico <\/span><a href=\"mailto:juventud@ayuntamientodeharia.com\"><span style=\"font-weight: 400;\">juventud@ayuntamientodeharia.com<\/span><\/a><span style=\"font-weight: 400;\">. Asimismo, puede consultar la Agenda de la p\u00e1gina web <\/span><a href=\"http:\/\/www.juventudharia.es\"><span style=\"font-weight: 400;\">www.juventudharia.es<\/span><\/a><\/p>\n","protected":false},"excerpt":{"rendered":"<p>El Ayuntamiento de Har\u00eda, a trav\u00e9s del departamento de Juventud, organiza una nueva edici\u00f3n de la iniciativa Pateus Nocturnus, que atraviesa la ruta circular Valle Palomo, en la localidad de Mala. Este encuentro tendr\u00e1 lugar el pr\u00f3ximo jueves 26 de septiembre, a las 19:30 horas. La acci\u00f3n consta de un recorrido de dificultad f\u00e1cil, pensado [&hellip;]<\/p>\n","protected":false},"author":13,"featured_media":31755,"comment_status":"closed","ping_status":"closed","sticky":false,"template":"","format":"standard","meta":{"footnotes":""},"categories":[17,81],"tags":[],"class_list":["post-31754","post","type-post","status-publish","format-standard","has-post-thumbnail","hentry","category-deportes","category-municipio"],"_links":{"self":[{"href":"https:\/\/www.ayuntamientodeharia.com\/haria\/wp-json\/wp\/v2\/posts\/31754","targetHints":{"allow":["GET"]}}],"collection":[{"href":"https:\/\/www.ayuntamientodeharia.com\/haria\/wp-json\/wp\/v2\/posts"}],"about":[{"href":"https:\/\/www.ayuntamientodeharia.com\/haria\/wp-json\/wp\/v2\/types\/post"}],"author":[{"embeddable":true,"href":"https:\/\/www.ayuntamientodeharia.com\/haria\/wp-json\/wp\/v2\/users\/13"}],"replies":[{"embeddable":true,"href":"https:\/\/www.ayuntamientodeharia.com\/haria\/wp-json\/wp\/v2\/comments?post=31754"}],"version-history":[{"count":1,"href":"https:\/\/www.ayuntamientodeharia.com\/haria\/wp-json\/wp\/v2\/posts\/31754\/revisions"}],"predecessor-version":[{"id":31756,"href":"https:\/\/www.ayuntamientodeharia.com\/haria\/wp-json\/wp\/v2\/posts\/31754\/revisions\/31756"}],"wp:featuredmedia":[{"embeddable":true,"href":"https:\/\/www.ayuntamientodeharia.com\/haria\/wp-json\/wp\/v2\/media\/31755"}],"wp:attachment":[{"href":"https:\/\/www.ayuntamientodeharia.com\/haria\/wp-json\/wp\/v2\/media?parent=31754"}],"wp:term":[{"taxonomy":"category","embeddable":true,"href":"https:\/\/www.ayuntamientodeharia.com\/haria\/wp-json\/wp\/v2\/categories?post=31754"},{"taxonomy":"post_tag","embeddable":true,"href":"https:\/\/www.ayuntamientodeharia.com\/haria\/wp-json\/wp\/v2\/tags?post=31754"}],"curies":[{"name":"wp","href":"https:\/\/api.w.org\/{rel}","templated":true}]}}