{"id":31751,"date":"2024-09-20T14:47:25","date_gmt":"2024-09-20T13:47:25","guid":{"rendered":"https:\/\/www.ayuntamientodeharia.com\/haria\/?p=31751"},"modified":"2024-09-20T14:47:25","modified_gmt":"2024-09-20T13:47:25","slug":"geriatria-mes-a-mes-2","status":"publish","type":"post","link":"https:\/\/www.ayuntamientodeharia.com\/haria\/geriatria-mes-a-mes-2\/","title":{"rendered":"Geriatr\u00eda Mes a Mes\u00a0"},"content":{"rendered":"<p><span style=\"font-weight: 400;\">El Ayuntamiento de Har\u00eda, en colaboraci\u00f3n con el Cabildo de Lanzarote y los dem\u00e1s municipios de la isla, pone en marcha el programa \u2018Geriatr\u00eda Mes a Mes\u2019, dirigido a personas cuidadoras.<\/span><\/p>\n<p><span style=\"font-weight: 400;\">Este programa est\u00e1 dise\u00f1ado para mejorar el bienestar de las personas mayores y dependientes de la Isla, as\u00ed como el de sus cuidadores y cuidadoras.<\/span><span style=\"font-weight: 400;\"><br \/>\n<\/span><span style=\"font-weight: 400;\"><br \/>\n<\/span><span style=\"font-weight: 400;\">La charla de este mes tratar\u00e1 sobre el estre\u00f1imiento, impartida por la m\u00e9dico Especialista en Medicina Familiar y Comunitaria, Antonia Jes\u00fas Solano Ben\u00edtez, el pr\u00f3ximo viernes, 27 de septiembre, a las 17:00 horas en el Sal\u00f3n de Actos del Cabildo de Lanzarote.<\/span><\/p>\n<p><span style=\"font-weight: 400;\">Para obtener m\u00e1s informaci\u00f3n e inscribirse, pueden llamar al Departamento de Bienestar Social o llamar al tel\u00e9fono 928 836 018, en horario de 9:00 a 14:00 horas.<\/span><\/p>\n","protected":false},"excerpt":{"rendered":"<p>El Ayuntamiento de Har\u00eda, en colaboraci\u00f3n con el Cabildo de Lanzarote y los dem\u00e1s municipios de la isla, pone en marcha el programa \u2018Geriatr\u00eda Mes a Mes\u2019, dirigido a personas cuidadoras. Este programa est\u00e1 dise\u00f1ado para mejorar el bienestar de las personas mayores y dependientes de la Isla, as\u00ed como el de sus cuidadores y [&hellip;]<\/p>\n","protected":false},"author":13,"featured_media":31752,"comment_status":"closed","ping_status":"closed","sticky":false,"template":"","format":"standard","meta":{"footnotes":""},"categories":[81],"tags":[],"class_list":["post-31751","post","type-post","status-publish","format-standard","has-post-thumbnail","hentry","category-municipio"],"_links":{"self":[{"href":"https:\/\/www.ayuntamientodeharia.com\/haria\/wp-json\/wp\/v2\/posts\/31751","targetHints":{"allow":["GET"]}}],"collection":[{"href":"https:\/\/www.ayuntamientodeharia.com\/haria\/wp-json\/wp\/v2\/posts"}],"about":[{"href":"https:\/\/www.ayuntamientodeharia.com\/haria\/wp-json\/wp\/v2\/types\/post"}],"author":[{"embeddable":true,"href":"https:\/\/www.ayuntamientodeharia.com\/haria\/wp-json\/wp\/v2\/users\/13"}],"replies":[{"embeddable":true,"href":"https:\/\/www.ayuntamientodeharia.com\/haria\/wp-json\/wp\/v2\/comments?post=31751"}],"version-history":[{"count":1,"href":"https:\/\/www.ayuntamientodeharia.com\/haria\/wp-json\/wp\/v2\/posts\/31751\/revisions"}],"predecessor-version":[{"id":31753,"href":"https:\/\/www.ayuntamientodeharia.com\/haria\/wp-json\/wp\/v2\/posts\/31751\/revisions\/31753"}],"wp:featuredmedia":[{"embeddable":true,"href":"https:\/\/www.ayuntamientodeharia.com\/haria\/wp-json\/wp\/v2\/media\/31752"}],"wp:attachment":[{"href":"https:\/\/www.ayuntamientodeharia.com\/haria\/wp-json\/wp\/v2\/media?parent=31751"}],"wp:term":[{"taxonomy":"category","embeddable":true,"href":"https:\/\/www.ayuntamientodeharia.com\/haria\/wp-json\/wp\/v2\/categories?post=31751"},{"taxonomy":"post_tag","embeddable":true,"href":"https:\/\/www.ayuntamientodeharia.com\/haria\/wp-json\/wp\/v2\/tags?post=31751"}],"curies":[{"name":"wp","href":"https:\/\/api.w.org\/{rel}","templated":true}]}}