{"id":31745,"date":"2024-09-20T14:44:15","date_gmt":"2024-09-20T13:44:15","guid":{"rendered":"https:\/\/www.ayuntamientodeharia.com\/haria\/?p=31745"},"modified":"2024-09-20T14:44:15","modified_gmt":"2024-09-20T13:44:15","slug":"haria-refuerza-su-compromiso-cultural-con-el-proyecto-soplo-de-letras","status":"publish","type":"post","link":"https:\/\/www.ayuntamientodeharia.com\/haria\/haria-refuerza-su-compromiso-cultural-con-el-proyecto-soplo-de-letras\/","title":{"rendered":"Har\u00eda refuerza su compromiso cultural con el proyecto \u2018Soplo de Letras\u2019\u00a0"},"content":{"rendered":"<p><span style=\"font-weight: 400;\">El Ayuntamiento de Har\u00eda presenta el proyecto \u2018Soplo de Letras\u2019, que ofrecer\u00e1 dos actos culturales los d\u00edas 28 y 29 de septiembre, a las 19:00 horas, en el Centro Sociocultural La Tegala.\u00a0<\/span><\/p>\n<p><span style=\"font-weight: 400;\">La primera sesi\u00f3n, el 28 de septiembre, contar\u00e1 con la obra de teatro \u2018Entre burlas y veras\u2019, presentada por la Compa\u00f1\u00eda Tamaska. Una comedia del siglo XVII que\u00a0 ofrece una mirada cr\u00edtica y divertida sobre la sociedad de su \u00e9poca.<\/span><\/p>\n<p><span style=\"font-weight: 400;\">El 29 de septiembre, se llevar\u00e1 a cabo la charla espect\u00e1culo \u2018Cecilia: mujer, poes\u00eda y mundo\u2019, donde la escritora Cecilia Dom\u00ednguez Luis, Premio Canarias de Literatura 2015, compartir\u00e1 su trayectoria. El evento incluir\u00e1 un coloquio y la interpretaci\u00f3n de poemas por Ylenia Quintero Campos y Mabel Quintero Ledesma.<\/span><\/p>\n<p><span style=\"font-weight: 400;\">Las entradas son gratuitas y se pueden retirar en la p\u00e1gina web <\/span><a href=\"https:\/\/culturedharia.com\/\"><span style=\"font-weight: 400;\">https:\/\/culturedharia.com\/<\/span><\/a><\/p>\n<p>&nbsp;<\/p>\n<p><img fetchpriority=\"high\" decoding=\"async\" class=\"alignnone size-medium wp-image-31747\" src=\"https:\/\/www.ayuntamientodeharia.com\/haria\/wp-content\/uploads\/2024\/09\/sopa-de-letras-2-450x338.jpg\" alt=\"\" width=\"450\" height=\"338\" srcset=\"https:\/\/www.ayuntamientodeharia.com\/haria\/wp-content\/uploads\/2024\/09\/sopa-de-letras-2-450x338.jpg 450w, https:\/\/www.ayuntamientodeharia.com\/haria\/wp-content\/uploads\/2024\/09\/sopa-de-letras-2-768x577.jpg 768w, https:\/\/www.ayuntamientodeharia.com\/haria\/wp-content\/uploads\/2024\/09\/sopa-de-letras-2-548x412.jpg 548w, https:\/\/www.ayuntamientodeharia.com\/haria\/wp-content\/uploads\/2024\/09\/sopa-de-letras-2.jpg 1022w\" sizes=\"(max-width: 450px) 100vw, 450px\" \/><\/p>\n","protected":false},"excerpt":{"rendered":"<p>El Ayuntamiento de Har\u00eda presenta el proyecto \u2018Soplo de Letras\u2019, que ofrecer\u00e1 dos actos culturales los d\u00edas 28 y 29 de septiembre, a las 19:00 horas, en el Centro Sociocultural La Tegala.\u00a0 La primera sesi\u00f3n, el 28 de septiembre, contar\u00e1 con la obra de teatro \u2018Entre burlas y veras\u2019, presentada por la Compa\u00f1\u00eda Tamaska. Una [&hellip;]<\/p>\n","protected":false},"author":13,"featured_media":31746,"comment_status":"closed","ping_status":"closed","sticky":false,"template":"","format":"standard","meta":{"footnotes":""},"categories":[16],"tags":[],"class_list":["post-31745","post","type-post","status-publish","format-standard","has-post-thumbnail","hentry","category-cultura"],"_links":{"self":[{"href":"https:\/\/www.ayuntamientodeharia.com\/haria\/wp-json\/wp\/v2\/posts\/31745","targetHints":{"allow":["GET"]}}],"collection":[{"href":"https:\/\/www.ayuntamientodeharia.com\/haria\/wp-json\/wp\/v2\/posts"}],"about":[{"href":"https:\/\/www.ayuntamientodeharia.com\/haria\/wp-json\/wp\/v2\/types\/post"}],"author":[{"embeddable":true,"href":"https:\/\/www.ayuntamientodeharia.com\/haria\/wp-json\/wp\/v2\/users\/13"}],"replies":[{"embeddable":true,"href":"https:\/\/www.ayuntamientodeharia.com\/haria\/wp-json\/wp\/v2\/comments?post=31745"}],"version-history":[{"count":1,"href":"https:\/\/www.ayuntamientodeharia.com\/haria\/wp-json\/wp\/v2\/posts\/31745\/revisions"}],"predecessor-version":[{"id":31748,"href":"https:\/\/www.ayuntamientodeharia.com\/haria\/wp-json\/wp\/v2\/posts\/31745\/revisions\/31748"}],"wp:featuredmedia":[{"embeddable":true,"href":"https:\/\/www.ayuntamientodeharia.com\/haria\/wp-json\/wp\/v2\/media\/31746"}],"wp:attachment":[{"href":"https:\/\/www.ayuntamientodeharia.com\/haria\/wp-json\/wp\/v2\/media?parent=31745"}],"wp:term":[{"taxonomy":"category","embeddable":true,"href":"https:\/\/www.ayuntamientodeharia.com\/haria\/wp-json\/wp\/v2\/categories?post=31745"},{"taxonomy":"post_tag","embeddable":true,"href":"https:\/\/www.ayuntamientodeharia.com\/haria\/wp-json\/wp\/v2\/tags?post=31745"}],"curies":[{"name":"wp","href":"https:\/\/api.w.org\/{rel}","templated":true}]}}