{"id":31738,"date":"2024-09-20T14:39:50","date_gmt":"2024-09-20T13:39:50","guid":{"rendered":"https:\/\/www.ayuntamientodeharia.com\/haria\/?p=31738"},"modified":"2024-09-20T14:39:50","modified_gmt":"2024-09-20T13:39:50","slug":"en-el-patio-de-mi-casa","status":"publish","type":"post","link":"https:\/\/www.ayuntamientodeharia.com\/haria\/en-el-patio-de-mi-casa\/","title":{"rendered":"EN EL PATIO DE MI CASA"},"content":{"rendered":"<p><span style=\"font-weight: 400;\">En el patio de mi casa<\/span><\/p>\n<p><span style=\"font-weight: 400;\">se re\u00fanen las estrellas<\/span><\/p>\n<p><span style=\"font-weight: 400;\">para ver la torre de la iglesia<\/span><\/p>\n<p><span style=\"font-weight: 400;\">y el jard\u00edn de las camelias.<\/span><\/p>\n<p>&nbsp;<\/p>\n<p><span style=\"font-weight: 400;\">Si cierro las ventanas<\/span><\/p>\n<p><span style=\"font-weight: 400;\">t\u00fa no podr\u00e1s entrar<\/span><\/p>\n<p><span style=\"font-weight: 400;\">y si abro la puerta<\/span><\/p>\n<p><span style=\"font-weight: 400;\">el perro se escapar\u00e1.<\/span><\/p>\n<p>&nbsp;<\/p>\n<p><span style=\"font-weight: 400;\">Mi patio tiene un pozo,<\/span><\/p>\n<p><span style=\"font-weight: 400;\">tres geranios y un rosal,<\/span><\/p>\n<p><span style=\"font-weight: 400;\">cuatro habitaciones desnudas<\/span><\/p>\n<p><span style=\"font-weight: 400;\">esperando para decorar.<\/span><\/p>\n<p><span style=\"font-weight: 400;\">En ellas dormir\u00e1n los ni\u00f1os<\/span><\/p>\n<p><span style=\"font-weight: 400;\">sus sue\u00f1os de algod\u00f3n,<\/span><\/p>\n<p><span style=\"font-weight: 400;\">mientras los mayores<\/span><\/p>\n<p><span style=\"font-weight: 400;\">conversar\u00e1n en el sal\u00f3n.<\/span><\/p>\n<p>&nbsp;<\/p>\n<p><span style=\"font-weight: 400;\">Diez tazas de caf\u00e9<\/span><\/p>\n<p><span style=\"font-weight: 400;\">hay en la cocina<\/span><\/p>\n<p><span style=\"font-weight: 400;\">y veinte platos grandes<\/span><\/p>\n<p><span style=\"font-weight: 400;\">de una loza muy fina.<\/span><\/p>\n<p>&nbsp;<\/p>\n<p><span style=\"font-weight: 400;\">En las camas<\/span><\/p>\n<p><span style=\"font-weight: 400;\">no se salta con zapatos<\/span><\/p>\n<p><span style=\"font-weight: 400;\">y a los sof\u00e1s<\/span><\/p>\n<p><span style=\"font-weight: 400;\">no se sube el gato.<\/span><\/p>\n<p>&nbsp;<\/p>\n<p><span style=\"font-weight: 400;\">La abuela teje<\/span><\/p>\n<p><span style=\"font-weight: 400;\">junto a la ventana<\/span><\/p>\n<p><span style=\"font-weight: 400;\">dos patucos verdes<\/span><\/p>\n<p><span style=\"font-weight: 400;\">y una colcha encarnada.<\/span><\/p>\n<p>&nbsp;<\/p>\n<p><span style=\"font-weight: 400;\">En el patio de mi casa<\/span><\/p>\n<p><span style=\"font-weight: 400;\">se re\u00fanen las estrellas,<\/span><\/p>\n<p><span style=\"font-weight: 400;\">juntas miran las calles<\/span><\/p>\n<p><span style=\"font-weight: 400;\">y el jard\u00edn de las camelias.<\/span><\/p>\n<p>&nbsp;<\/p>\n<p><span style=\"font-weight: 400;\">Reyes Concepci\u00f3n Betancor<\/span><\/p>\n","protected":false},"excerpt":{"rendered":"<p>En el patio de mi casa se re\u00fanen las estrellas para ver la torre de la iglesia y el jard\u00edn de las camelias. &nbsp; Si cierro las ventanas t\u00fa no podr\u00e1s entrar y si abro la puerta el perro se escapar\u00e1. &nbsp; Mi patio tiene un pozo, tres geranios y un rosal, cuatro habitaciones desnudas [&hellip;]<\/p>\n","protected":false},"author":13,"featured_media":0,"comment_status":"closed","ping_status":"closed","sticky":false,"template":"","format":"standard","meta":{"footnotes":""},"categories":[16],"tags":[],"class_list":["post-31738","post","type-post","status-publish","format-standard","hentry","category-cultura"],"_links":{"self":[{"href":"https:\/\/www.ayuntamientodeharia.com\/haria\/wp-json\/wp\/v2\/posts\/31738","targetHints":{"allow":["GET"]}}],"collection":[{"href":"https:\/\/www.ayuntamientodeharia.com\/haria\/wp-json\/wp\/v2\/posts"}],"about":[{"href":"https:\/\/www.ayuntamientodeharia.com\/haria\/wp-json\/wp\/v2\/types\/post"}],"author":[{"embeddable":true,"href":"https:\/\/www.ayuntamientodeharia.com\/haria\/wp-json\/wp\/v2\/users\/13"}],"replies":[{"embeddable":true,"href":"https:\/\/www.ayuntamientodeharia.com\/haria\/wp-json\/wp\/v2\/comments?post=31738"}],"version-history":[{"count":1,"href":"https:\/\/www.ayuntamientodeharia.com\/haria\/wp-json\/wp\/v2\/posts\/31738\/revisions"}],"predecessor-version":[{"id":31739,"href":"https:\/\/www.ayuntamientodeharia.com\/haria\/wp-json\/wp\/v2\/posts\/31738\/revisions\/31739"}],"wp:attachment":[{"href":"https:\/\/www.ayuntamientodeharia.com\/haria\/wp-json\/wp\/v2\/media?parent=31738"}],"wp:term":[{"taxonomy":"category","embeddable":true,"href":"https:\/\/www.ayuntamientodeharia.com\/haria\/wp-json\/wp\/v2\/categories?post=31738"},{"taxonomy":"post_tag","embeddable":true,"href":"https:\/\/www.ayuntamientodeharia.com\/haria\/wp-json\/wp\/v2\/tags?post=31738"}],"curies":[{"name":"wp","href":"https:\/\/api.w.org\/{rel}","templated":true}]}}