{"id":31733,"date":"2024-09-20T14:38:27","date_gmt":"2024-09-20T13:38:27","guid":{"rendered":"https:\/\/www.ayuntamientodeharia.com\/haria\/?p=31733"},"modified":"2024-09-20T14:38:27","modified_gmt":"2024-09-20T13:38:27","slug":"el-artesano-de-haria-jose-miguel-clavijo-recibe-el-premio-al-mejor-stand-en-la-35a-feria-de-artesania-de-los-dolores","status":"publish","type":"post","link":"https:\/\/www.ayuntamientodeharia.com\/haria\/el-artesano-de-haria-jose-miguel-clavijo-recibe-el-premio-al-mejor-stand-en-la-35a-feria-de-artesania-de-los-dolores\/","title":{"rendered":"El artesano de Har\u00eda Jos\u00e9 Miguel Clavijo recibe el premio al Mejor Stand en la 35\u00aa Feria de Artesan\u00eda de Los Dolores"},"content":{"rendered":"<p><span style=\"font-weight: 400;\">El Ayuntamiento de Har\u00eda felicita al artesano Jos\u00e9 Miguel Clavijo por su merecido reconocimiento en la 35\u00aa edici\u00f3n de la Feria de Artesan\u00eda de Los Dolores. Este premio se otorg\u00f3 por la creatividad y originalidad en la decoraci\u00f3n de su stand, destacando su talento y dedicaci\u00f3n.<\/span><\/p>\n<p><span style=\"font-weight: 400;\">El \u00e9xito de Clavijo resalta el compromiso del municipio con el fomento de la artesan\u00eda local. Desde el Ayuntamiento, se anima a todas las personas a apoyar a los artesanos y las artesanas y disfrutar de la riqueza cultural que ofrecen. <\/span><\/p>\n","protected":false},"excerpt":{"rendered":"<p>El Ayuntamiento de Har\u00eda felicita al artesano Jos\u00e9 Miguel Clavijo por su merecido reconocimiento en la 35\u00aa edici\u00f3n de la Feria de Artesan\u00eda de Los Dolores. Este premio se otorg\u00f3 por la creatividad y originalidad en la decoraci\u00f3n de su stand, destacando su talento y dedicaci\u00f3n. El \u00e9xito de Clavijo resalta el compromiso del municipio [&hellip;]<\/p>\n","protected":false},"author":13,"featured_media":31734,"comment_status":"closed","ping_status":"closed","sticky":false,"template":"","format":"standard","meta":{"footnotes":""},"categories":[16],"tags":[],"class_list":["post-31733","post","type-post","status-publish","format-standard","has-post-thumbnail","hentry","category-cultura"],"_links":{"self":[{"href":"https:\/\/www.ayuntamientodeharia.com\/haria\/wp-json\/wp\/v2\/posts\/31733","targetHints":{"allow":["GET"]}}],"collection":[{"href":"https:\/\/www.ayuntamientodeharia.com\/haria\/wp-json\/wp\/v2\/posts"}],"about":[{"href":"https:\/\/www.ayuntamientodeharia.com\/haria\/wp-json\/wp\/v2\/types\/post"}],"author":[{"embeddable":true,"href":"https:\/\/www.ayuntamientodeharia.com\/haria\/wp-json\/wp\/v2\/users\/13"}],"replies":[{"embeddable":true,"href":"https:\/\/www.ayuntamientodeharia.com\/haria\/wp-json\/wp\/v2\/comments?post=31733"}],"version-history":[{"count":1,"href":"https:\/\/www.ayuntamientodeharia.com\/haria\/wp-json\/wp\/v2\/posts\/31733\/revisions"}],"predecessor-version":[{"id":31735,"href":"https:\/\/www.ayuntamientodeharia.com\/haria\/wp-json\/wp\/v2\/posts\/31733\/revisions\/31735"}],"wp:featuredmedia":[{"embeddable":true,"href":"https:\/\/www.ayuntamientodeharia.com\/haria\/wp-json\/wp\/v2\/media\/31734"}],"wp:attachment":[{"href":"https:\/\/www.ayuntamientodeharia.com\/haria\/wp-json\/wp\/v2\/media?parent=31733"}],"wp:term":[{"taxonomy":"category","embeddable":true,"href":"https:\/\/www.ayuntamientodeharia.com\/haria\/wp-json\/wp\/v2\/categories?post=31733"},{"taxonomy":"post_tag","embeddable":true,"href":"https:\/\/www.ayuntamientodeharia.com\/haria\/wp-json\/wp\/v2\/tags?post=31733"}],"curies":[{"name":"wp","href":"https:\/\/api.w.org\/{rel}","templated":true}]}}