{"id":31731,"date":"2024-09-20T14:37:29","date_gmt":"2024-09-20T13:37:29","guid":{"rendered":"https:\/\/www.ayuntamientodeharia.com\/haria\/?p=31731"},"modified":"2024-09-20T14:37:29","modified_gmt":"2024-09-20T13:37:29","slug":"noche-en-blanco-de-ye","status":"publish","type":"post","link":"https:\/\/www.ayuntamientodeharia.com\/haria\/noche-en-blanco-de-ye\/","title":{"rendered":"Noche en blanco de Y\u00e9"},"content":{"rendered":"<p><span style=\"font-weight: 400;\">La Asociaci\u00f3n de Vecinos Volc\u00e1n de La Corona organizar\u00e1 una Noche en Blanco para celebrar el fin de la \u00e9poca estival. El evento estar\u00e1 abierto al p\u00fablico en general y tendr\u00e1 lugar el s\u00e1bado 28 de septiembre, desde las 21:00 hasta las 23:00 horas. El evento se celebrar\u00e1 en las instalaciones del Centro Sociocultural El Tef\u00edo de Y\u00e9.<\/span><\/p>\n<p><span style=\"font-weight: 400;\">La velada contar\u00e1 con la actuaci\u00f3n del grupo vocal Force, y se recomienda a los asistentes ir vestidos con ropa blanca. Adem\u00e1s, ese mismo d\u00eda, a las 16:00 horas, se realizar\u00e1 un encuentro amistoso de bola canaria y domin\u00f3.<\/span><\/p>\n","protected":false},"excerpt":{"rendered":"<p>La Asociaci\u00f3n de Vecinos Volc\u00e1n de La Corona organizar\u00e1 una Noche en Blanco para celebrar el fin de la \u00e9poca estival. El evento estar\u00e1 abierto al p\u00fablico en general y tendr\u00e1 lugar el s\u00e1bado 28 de septiembre, desde las 21:00 hasta las 23:00 horas. El evento se celebrar\u00e1 en las instalaciones del Centro Sociocultural El [&hellip;]<\/p>\n","protected":false},"author":13,"featured_media":0,"comment_status":"closed","ping_status":"closed","sticky":false,"template":"","format":"standard","meta":{"footnotes":""},"categories":[15],"tags":[],"class_list":["post-31731","post","type-post","status-publish","format-standard","hentry","category-festejos"],"_links":{"self":[{"href":"https:\/\/www.ayuntamientodeharia.com\/haria\/wp-json\/wp\/v2\/posts\/31731","targetHints":{"allow":["GET"]}}],"collection":[{"href":"https:\/\/www.ayuntamientodeharia.com\/haria\/wp-json\/wp\/v2\/posts"}],"about":[{"href":"https:\/\/www.ayuntamientodeharia.com\/haria\/wp-json\/wp\/v2\/types\/post"}],"author":[{"embeddable":true,"href":"https:\/\/www.ayuntamientodeharia.com\/haria\/wp-json\/wp\/v2\/users\/13"}],"replies":[{"embeddable":true,"href":"https:\/\/www.ayuntamientodeharia.com\/haria\/wp-json\/wp\/v2\/comments?post=31731"}],"version-history":[{"count":1,"href":"https:\/\/www.ayuntamientodeharia.com\/haria\/wp-json\/wp\/v2\/posts\/31731\/revisions"}],"predecessor-version":[{"id":31732,"href":"https:\/\/www.ayuntamientodeharia.com\/haria\/wp-json\/wp\/v2\/posts\/31731\/revisions\/31732"}],"wp:attachment":[{"href":"https:\/\/www.ayuntamientodeharia.com\/haria\/wp-json\/wp\/v2\/media?parent=31731"}],"wp:term":[{"taxonomy":"category","embeddable":true,"href":"https:\/\/www.ayuntamientodeharia.com\/haria\/wp-json\/wp\/v2\/categories?post=31731"},{"taxonomy":"post_tag","embeddable":true,"href":"https:\/\/www.ayuntamientodeharia.com\/haria\/wp-json\/wp\/v2\/tags?post=31731"}],"curies":[{"name":"wp","href":"https:\/\/api.w.org\/{rel}","templated":true}]}}