{"id":31728,"date":"2024-09-20T14:36:38","date_gmt":"2024-09-20T13:36:38","guid":{"rendered":"https:\/\/www.ayuntamientodeharia.com\/haria\/?p=31728"},"modified":"2024-09-20T14:36:38","modified_gmt":"2024-09-20T13:36:38","slug":"programa-de-las-fiestas-de-nuestra-senora-de-las-mercedes","status":"publish","type":"post","link":"https:\/\/www.ayuntamientodeharia.com\/haria\/programa-de-las-fiestas-de-nuestra-senora-de-las-mercedes\/","title":{"rendered":"Programa de las Fiestas de Nuestra Se\u00f1ora de las Mercedes"},"content":{"rendered":"<p><span style=\"font-weight: 400;\">La localidad de Mala contin\u00faa con la celebraci\u00f3n de sus fiestas en honor a la Virgen de Las Mercedes hasta el pr\u00f3ximo martes, 24 de septiembre. Te recordamos que a\u00fan puedes acudir a los siguientes actos, programados por la Comisi\u00f3n de Fiestas del pueblo, y disfrutar de unos eventos pensados para toda la familia.<\/span><\/p>\n<p><b>Viernes 20 de septiembre:<\/b><\/p>\n<p><span style=\"font-weight: 400;\">17:00 horas. Taller: Toma de contacto con el mundo del buceo en la piscina de Mala seg\u00fan las condiciones de la marea. Para ni\u00f1os a partir de 7 a\u00f1os. Plazas limitadas. Reservas: 676862823 (WhatsApp).<\/span><\/p>\n<p><span style=\"font-weight: 400;\">21:00 horas. Play back de adultos: Viaja con nosotros, operado por la compa\u00f1\u00eda La Voz<\/span><\/p>\n<p><span style=\"font-weight: 400;\">24:00 horas. Verbena popular amenizada por Swing del Norte y Vocal Force.<\/span><\/p>\n<p><span style=\"font-weight: 400;\">S\u00e1bado 21 de septiembre:<\/span><\/p>\n<p><span style=\"font-weight: 400;\">12:00 horas. Taller de magia para toda la familia con el mago Artem<\/span><\/p>\n<p><span style=\"font-weight: 400;\">18:30 horas. Romer\u00eda Popular (salida desde la antigua carter\u00eda en la calle Cangrejo n\u00b09). A continuaci\u00f3n Baile del Romero con enyesque amenizado por Son del Norte, El Golpito y Sondemar.<\/span><\/p>\n<p><b>Domingo 22 de septiembre:<\/b><\/p>\n<p><span style=\"font-weight: 400;\">11:00 horas. Fiesta del Agua y Colores con colchonetas de agua y el DJ Juan Hern\u00e1ndez en la Cancha Deportiva frente al Centro de Salud.<\/span><\/p>\n<p><span style=\"font-weight: 400;\">18:00 horas. Sorteo y comienzo del Campeonato de Truco.<\/span><\/p>\n<p><span style=\"font-weight: 400;\">21:00 horas. Show de acrobacias y circo a cargo de Delirio Habanero M&amp;G Anima Events.<\/span><\/p>\n<p><b>Lunes 23 de septiembre:<\/b><\/p>\n<p><span style=\"font-weight: 400;\">16:00 horas. Taller de Tinte con Cochinilla impartido por la Asociaci\u00f3n la Milana. Junto al colegio de Mala. Para adultos. Plazas limitadas. Reservas: 676862823 (WhatsApp)<\/span><\/p>\n<p><span style=\"font-weight: 400;\">18:00 horas. Sorteo y comienzo del Campeonato de Ronda.<\/span><\/p>\n<p><span style=\"font-weight: 400;\">21:00 horas. Pase de Modelos Top Queen con la actuaci\u00f3n musical de Luc\u00eda Betancor Garc\u00eda y Gloria Sep\u00falveda.<\/span><\/p>\n<p><b>Martes 24 de septiembre:<\/b><\/p>\n<p><span style=\"font-weight: 400;\">19:00 horas. Santa Misa y Procesi\u00f3n amenizada por el coro Alborada Pe\u00f1a de Lentisco y la Banda Municipal de Teguise.<\/span><\/p>\n","protected":false},"excerpt":{"rendered":"<p>La localidad de Mala contin\u00faa con la celebraci\u00f3n de sus fiestas en honor a la Virgen de Las Mercedes hasta el pr\u00f3ximo martes, 24 de septiembre. Te recordamos que a\u00fan puedes acudir a los siguientes actos, programados por la Comisi\u00f3n de Fiestas del pueblo, y disfrutar de unos eventos pensados para toda la familia. Viernes [&hellip;]<\/p>\n","protected":false},"author":13,"featured_media":31729,"comment_status":"closed","ping_status":"closed","sticky":false,"template":"","format":"standard","meta":{"footnotes":""},"categories":[16,15],"tags":[],"class_list":["post-31728","post","type-post","status-publish","format-standard","has-post-thumbnail","hentry","category-cultura","category-festejos"],"_links":{"self":[{"href":"https:\/\/www.ayuntamientodeharia.com\/haria\/wp-json\/wp\/v2\/posts\/31728","targetHints":{"allow":["GET"]}}],"collection":[{"href":"https:\/\/www.ayuntamientodeharia.com\/haria\/wp-json\/wp\/v2\/posts"}],"about":[{"href":"https:\/\/www.ayuntamientodeharia.com\/haria\/wp-json\/wp\/v2\/types\/post"}],"author":[{"embeddable":true,"href":"https:\/\/www.ayuntamientodeharia.com\/haria\/wp-json\/wp\/v2\/users\/13"}],"replies":[{"embeddable":true,"href":"https:\/\/www.ayuntamientodeharia.com\/haria\/wp-json\/wp\/v2\/comments?post=31728"}],"version-history":[{"count":1,"href":"https:\/\/www.ayuntamientodeharia.com\/haria\/wp-json\/wp\/v2\/posts\/31728\/revisions"}],"predecessor-version":[{"id":31730,"href":"https:\/\/www.ayuntamientodeharia.com\/haria\/wp-json\/wp\/v2\/posts\/31728\/revisions\/31730"}],"wp:featuredmedia":[{"embeddable":true,"href":"https:\/\/www.ayuntamientodeharia.com\/haria\/wp-json\/wp\/v2\/media\/31729"}],"wp:attachment":[{"href":"https:\/\/www.ayuntamientodeharia.com\/haria\/wp-json\/wp\/v2\/media?parent=31728"}],"wp:term":[{"taxonomy":"category","embeddable":true,"href":"https:\/\/www.ayuntamientodeharia.com\/haria\/wp-json\/wp\/v2\/categories?post=31728"},{"taxonomy":"post_tag","embeddable":true,"href":"https:\/\/www.ayuntamientodeharia.com\/haria\/wp-json\/wp\/v2\/tags?post=31728"}],"curies":[{"name":"wp","href":"https:\/\/api.w.org\/{rel}","templated":true}]}}