{"id":3160,"date":"2015-12-04T13:56:47","date_gmt":"2015-12-04T13:56:47","guid":{"rendered":"http:\/\/www.ayuntamientodeharia.com\/haria\/?p=3160"},"modified":"2015-12-04T13:56:47","modified_gmt":"2015-12-04T13:56:47","slug":"haria-celebra-el-dia-mundial-de-la-discapacidad-con-el-reconocimiento-al-paratriatleta-norteno-lionel-morales","status":"publish","type":"post","link":"https:\/\/www.ayuntamientodeharia.com\/haria\/haria-celebra-el-dia-mundial-de-la-discapacidad-con-el-reconocimiento-al-paratriatleta-norteno-lionel-morales\/","title":{"rendered":"Har\u00eda celebra el D\u00eda Mundial de la Discapacidad con el reconocimiento al paratriatleta norte\u00f1o Lionel Morales"},"content":{"rendered":"<p>El Ayuntamiento de Har\u00eda, a trav\u00e9s de la Concejal\u00eda de Bienestar Social, se sum\u00f3 a la conmemoraci\u00f3n del D\u00eda Internacional de las Personas con Discapacidad, este 3 de diciembre, con el reconocimiento al paratriatleta norte\u00f1o Lionel Morales Gonz\u00e1lez y la presentaci\u00f3n de los actos organizados en colaboraci\u00f3n con la asociaci\u00f3n socio-sanitaria Ting\u00fcafaya, la asociaci\u00f3n El Cribo y la Asociaci\u00f3n de Personas con Discapacidad de Lanzarote Adislan, que se celebrar\u00e1n el s\u00e1bado, 5 de diciembre, en Har\u00eda.<\/p>\n<p>&nbsp;<\/p>\n<p>En el acto de presentaci\u00f3n, que tuvo lugar esta ma\u00f1ana en el Sal\u00f3n de Plenos del Consistorio, estuvieron presentes el alcalde de Har\u00eda, Marciano Acu\u00f1a, y varios concejales de la Corporaci\u00f3n municipal, as\u00ed como el presidente de Tinguafaya, Jer\u00f3nimo Padr\u00f3n, el deportista Lionel Morales y usuarios de Adislan. Jer\u00f3nimo Padr\u00f3n agradeci\u00f3 al Ayuntamiento norte\u00f1o y, en especial, a su alcalde, la sensibilidad y el apoyo mostrado en todo momento parar celebrar el D\u00eda Mundial de la Discapacidad en Har\u00eda.<\/p>\n<p><!--more--><\/p>\n<p>\u201cLa cifra de personas con discapacidad en Lanzarote ronda el 9%, por lo que es necesario que la poblaci\u00f3n conozca nuestro trabajo y cu\u00e1les son los servicios que prestamos, pero lo fundamental es que necesitamos mucho apoyo, tanto moral como econ\u00f3mico\u201d, asegur\u00f3 Padr\u00f3n, que tuvo tambi\u00e9n palabras de agradecimiento para Lionel Morales, al que calific\u00f3 como \u201cun ejemplo de superaci\u00f3n para muchas personas\u201d.<\/p>\n<p>&nbsp;<\/p>\n<p>Para Marciano Acu\u00f1a, la celebraci\u00f3n del D\u00eda Mundial de la Discapacidad \u201ctiene que servir para mostrar a la sociedad que las personas con discapacidad tienen los mismos derechos y que debemos seguir trabajando para su integraci\u00f3n; por ello, tenemos que lograr, con el apoyo de todas la instituciones, las infraestructuras necesarias que permitan a este colectivo recibir una educaci\u00f3n y una formaci\u00f3n adecuada a sus necesidades\u201d. En su opini\u00f3n, \u201ctodo lo que se invierta en discapacidad es poco\u201d.<\/p>\n<p>&nbsp;<\/p>\n<p>\u201cDesde el Ayuntamiento de Har\u00eda somos sensibles ante la discapacidad, por lo que estamos orgullosos de ser el primer municipio que acoja esta celebraci\u00f3n, que tiene que ser festiva, pero tambi\u00e9n reivindicativa\u201d, a\u00f1adi\u00f3 el primer edil norte\u00f1o. Antes de finalizar el acto, Marciano Acu\u00f1a entreg\u00f3 el pin de plata de la Instituci\u00f3n al paratriatleta Lionel Morales, natural de Har\u00eda, \u201cno solo por su calidad humana, sino tambi\u00e9n por ser un referente de superaci\u00f3n f\u00edsica y ps\u00edquica al demostrarnos que la fuerza de la mente no tiene l\u00edmites, convirti\u00e9ndose para todos nosotros en un ejemplo a seguir, en un espejo donde mirarnos cuando el abatimiento y el des\u00e1nimo se instalan en nuestros corazones\u201d, asever\u00f3 el alcalde.<\/p>\n<p>&nbsp;<\/p>\n<p>Cabe destacar los logros deportivos de Morales, entre los que se encuentran el \u2018Campeonato de Espa\u00f1a\u2019 celebrado en Tarragona o el segundo puesto en la \u2018Edmonton ITU World Paratriathlon\u2019, que le han permitido seguir progresando y conseguir importantes puntos de cara al proceso clasificatorio de los \u2018Juegos Paraol\u00edmpicos de R\u00edo 2016\u2019.<\/p>\n<p>&nbsp;<\/p>\n<p><span style=\"text-decoration: underline;\"><strong>Programa de actos <\/strong><\/span><\/p>\n<p><strong>S\u00e1bado, 5 de diciembre<\/strong>:<\/p>\n<p>11:00 h.- Batucada del Cribo en la Plaza de Har\u00eda.<\/p>\n<p>12:00 h.- Representaci\u00f3n de la obra \u2018En la gala de la inclusi\u00f3n\u2019 a cargo de los Marqueses de Valterra y Tinguafaya, en el Centro Sociocultural La Tegala.<\/p>\n<p>12:45 h.- \u2018En el ba\u00f1o\u2019, monologo realizado por Esther V\u00e1zquez, directora y actriz del grupo teatral Somos.<\/p>\n<p>13:00 h.- Lectura del manifiesto a cargo de la Asociaci\u00f3n de Personas con Discapacidad de Lanzarote (Adislan) en el Centro Sociocultural La Tegala.<\/p>\n<p>A continuaci\u00f3n, intervendr\u00e1n los miembros de la directiva de la asociaci\u00f3n Tinguafaya.<\/p>\n","protected":false},"excerpt":{"rendered":"<p>El Ayuntamiento de Har\u00eda, a trav\u00e9s de la Concejal\u00eda de Bienestar Social, se sum\u00f3 a la conmemoraci\u00f3n del D\u00eda Internacional de las Personas con Discapacidad, este 3 de diciembre, con el reconocimiento al paratriatleta norte\u00f1o Lionel Morales Gonz\u00e1lez y la presentaci\u00f3n de los actos organizados en colaboraci\u00f3n con la asociaci\u00f3n socio-sanitaria Ting\u00fcafaya, la asociaci\u00f3n El [&hellip;]<\/p>\n","protected":false},"author":2,"featured_media":3127,"comment_status":"closed","ping_status":"closed","sticky":false,"template":"","format":"standard","meta":{"footnotes":""},"categories":[11,77],"tags":[],"class_list":["post-3160","post","type-post","status-publish","format-standard","has-post-thumbnail","hentry","category-hoja-de-haria","category-servicios-sociales"],"_links":{"self":[{"href":"https:\/\/www.ayuntamientodeharia.com\/haria\/wp-json\/wp\/v2\/posts\/3160","targetHints":{"allow":["GET"]}}],"collection":[{"href":"https:\/\/www.ayuntamientodeharia.com\/haria\/wp-json\/wp\/v2\/posts"}],"about":[{"href":"https:\/\/www.ayuntamientodeharia.com\/haria\/wp-json\/wp\/v2\/types\/post"}],"author":[{"embeddable":true,"href":"https:\/\/www.ayuntamientodeharia.com\/haria\/wp-json\/wp\/v2\/users\/2"}],"replies":[{"embeddable":true,"href":"https:\/\/www.ayuntamientodeharia.com\/haria\/wp-json\/wp\/v2\/comments?post=3160"}],"version-history":[{"count":0,"href":"https:\/\/www.ayuntamientodeharia.com\/haria\/wp-json\/wp\/v2\/posts\/3160\/revisions"}],"wp:featuredmedia":[{"embeddable":true,"href":"https:\/\/www.ayuntamientodeharia.com\/haria\/wp-json\/wp\/v2\/media\/3127"}],"wp:attachment":[{"href":"https:\/\/www.ayuntamientodeharia.com\/haria\/wp-json\/wp\/v2\/media?parent=3160"}],"wp:term":[{"taxonomy":"category","embeddable":true,"href":"https:\/\/www.ayuntamientodeharia.com\/haria\/wp-json\/wp\/v2\/categories?post=3160"},{"taxonomy":"post_tag","embeddable":true,"href":"https:\/\/www.ayuntamientodeharia.com\/haria\/wp-json\/wp\/v2\/tags?post=3160"}],"curies":[{"name":"wp","href":"https:\/\/api.w.org\/{rel}","templated":true}]}}