{"id":31221,"date":"2024-08-09T13:27:36","date_gmt":"2024-08-09T12:27:36","guid":{"rendered":"https:\/\/www.ayuntamientodeharia.com\/haria\/?p=31221"},"modified":"2024-08-09T13:27:36","modified_gmt":"2024-08-09T12:27:36","slug":"la-asociacion-de-mayores-el-palmeral-invita-todos-los-socios-y-socias-a-una-merienda-baile","status":"publish","type":"post","link":"https:\/\/www.ayuntamientodeharia.com\/haria\/la-asociacion-de-mayores-el-palmeral-invita-todos-los-socios-y-socias-a-una-merienda-baile\/","title":{"rendered":"La Asociaci\u00f3n de Mayores \u2018El Palmeral\u2019 invita todos los socios y socias a una merienda-baile"},"content":{"rendered":"<p><span style=\"font-weight: 400;\">La Asociaci\u00f3n de Mayores El Palmeral del Norte invita a todos sus socios y socias a disfrutar de una tarde llena de alegr\u00eda, m\u00fasica y sorpresas. El pr\u00f3ximo mi\u00e9rcoles, 14 de agosto, se celebrar\u00e1 una merienda baile en el Centro Sociocultural La Tegala de Har\u00eda, a partir de las 18:00 horas.<\/span><\/p>\n<p><span style=\"font-weight: 400;\">La entrada cuesta 2 euros, y se podr\u00e1 disfrutar de m\u00fasica y sorteos con sorpresas. Adem\u00e1s, se entregar\u00e1n los carn\u00e9s de socio a los asistentes.<\/span><\/p>\n","protected":false},"excerpt":{"rendered":"<p>La Asociaci\u00f3n de Mayores El Palmeral del Norte invita a todos sus socios y socias a disfrutar de una tarde llena de alegr\u00eda, m\u00fasica y sorpresas. El pr\u00f3ximo mi\u00e9rcoles, 14 de agosto, se celebrar\u00e1 una merienda baile en el Centro Sociocultural La Tegala de Har\u00eda, a partir de las 18:00 horas. La entrada cuesta 2 [&hellip;]<\/p>\n","protected":false},"author":13,"featured_media":31222,"comment_status":"closed","ping_status":"closed","sticky":false,"template":"","format":"standard","meta":{"footnotes":""},"categories":[81],"tags":[],"class_list":["post-31221","post","type-post","status-publish","format-standard","has-post-thumbnail","hentry","category-municipio"],"_links":{"self":[{"href":"https:\/\/www.ayuntamientodeharia.com\/haria\/wp-json\/wp\/v2\/posts\/31221","targetHints":{"allow":["GET"]}}],"collection":[{"href":"https:\/\/www.ayuntamientodeharia.com\/haria\/wp-json\/wp\/v2\/posts"}],"about":[{"href":"https:\/\/www.ayuntamientodeharia.com\/haria\/wp-json\/wp\/v2\/types\/post"}],"author":[{"embeddable":true,"href":"https:\/\/www.ayuntamientodeharia.com\/haria\/wp-json\/wp\/v2\/users\/13"}],"replies":[{"embeddable":true,"href":"https:\/\/www.ayuntamientodeharia.com\/haria\/wp-json\/wp\/v2\/comments?post=31221"}],"version-history":[{"count":1,"href":"https:\/\/www.ayuntamientodeharia.com\/haria\/wp-json\/wp\/v2\/posts\/31221\/revisions"}],"predecessor-version":[{"id":31223,"href":"https:\/\/www.ayuntamientodeharia.com\/haria\/wp-json\/wp\/v2\/posts\/31221\/revisions\/31223"}],"wp:featuredmedia":[{"embeddable":true,"href":"https:\/\/www.ayuntamientodeharia.com\/haria\/wp-json\/wp\/v2\/media\/31222"}],"wp:attachment":[{"href":"https:\/\/www.ayuntamientodeharia.com\/haria\/wp-json\/wp\/v2\/media?parent=31221"}],"wp:term":[{"taxonomy":"category","embeddable":true,"href":"https:\/\/www.ayuntamientodeharia.com\/haria\/wp-json\/wp\/v2\/categories?post=31221"},{"taxonomy":"post_tag","embeddable":true,"href":"https:\/\/www.ayuntamientodeharia.com\/haria\/wp-json\/wp\/v2\/tags?post=31221"}],"curies":[{"name":"wp","href":"https:\/\/api.w.org\/{rel}","templated":true}]}}