{"id":31180,"date":"2024-08-02T14:37:20","date_gmt":"2024-08-02T13:37:20","guid":{"rendered":"https:\/\/www.ayuntamientodeharia.com\/haria\/?p=31180"},"modified":"2024-08-02T14:37:20","modified_gmt":"2024-08-02T13:37:20","slug":"no-se-si-eso-cuenta","status":"publish","type":"post","link":"https:\/\/www.ayuntamientodeharia.com\/haria\/no-se-si-eso-cuenta\/","title":{"rendered":"No s\u00e9 si eso cuenta"},"content":{"rendered":"<p><span style=\"font-weight: 400;\">No s\u00e9 si eso cuenta,<\/span><\/p>\n<p><span style=\"font-weight: 400;\">pero me estoy haciendo viejo,<\/span><\/p>\n<p><span style=\"font-weight: 400;\">no existen caminos, sino cuestas,<\/span><\/p>\n<p><span style=\"font-weight: 400;\">nada nuevo me brinda el pellejo.<\/span><\/p>\n<p><span style=\"font-weight: 400;\">Y amanec\u00ed muy temprano<\/span><\/p>\n<p><span style=\"font-weight: 400;\">y anochezco al ponerse el sol<\/span><\/p>\n<p><span style=\"font-weight: 400;\">porque no s\u00e9 si cuento o no.<\/span><\/p>\n<p>&nbsp;<\/p>\n<p><span style=\"font-weight: 400;\">Y decid\u00ed dejar de ver cosas maravillosas<\/span><\/p>\n<p><span style=\"font-weight: 400;\">y me encerr\u00e9 en paredes de hormig\u00f3n,<\/span><\/p>\n<p><span style=\"font-weight: 400;\">dej\u00e9 de ver de las cosas su belleza,<\/span><\/p>\n<p><span style=\"font-weight: 400;\">me convert\u00ed en viejo rezong\u00f3n.<\/span><\/p>\n<p>&nbsp;<\/p>\n<p><span style=\"font-weight: 400;\">Y entonces me vinieron a buscar<\/span><\/p>\n<p><span style=\"font-weight: 400;\">unas manos peque\u00f1as,<\/span><\/p>\n<p><span style=\"font-weight: 400;\">unas piernas empezando a caminar,<\/span><\/p>\n<p><span style=\"font-weight: 400;\">y me ensuciaron la camisa y la chaqueta,<\/span><\/p>\n<p><span style=\"font-weight: 400;\">me demostraron que la vida siempre inventa<\/span><\/p>\n<p><span style=\"font-weight: 400;\">sus mil y una maneras para continuar.<\/span><\/p>\n<p>&nbsp;<\/p>\n<p><span style=\"font-weight: 400;\">Hasta que un d\u00eda, compungido,<\/span><\/p>\n<p><span style=\"font-weight: 400;\">me qued\u00e9 sin manos peque\u00f1itas,<\/span><\/p>\n<p><span style=\"font-weight: 400;\">no disfrut\u00e9 de las cosas chiquitas,<\/span><\/p>\n<p><span style=\"font-weight: 400;\">no tropec\u00e9 con juguetes en la salita.<\/span><\/p>\n<p><span style=\"font-weight: 400;\">No me buscaron para pasear,<\/span><\/p>\n<p><span style=\"font-weight: 400;\">se olvidaron de mi cumplea\u00f1os,<\/span><\/p>\n<p><span style=\"font-weight: 400;\">no pudieron romper las paredes<\/span><\/p>\n<p><span style=\"font-weight: 400;\">que yo me hab\u00eda inventado.<\/span><\/p>\n<p>&nbsp;<\/p>\n<p><span style=\"font-weight: 400;\">Ya no me ensucian la camisa y la chaqueta,<\/span><\/p>\n<p><span style=\"font-weight: 400;\">no s\u00e9 si eso cuenta\u2026<\/span><\/p>\n","protected":false},"excerpt":{"rendered":"<p>No s\u00e9 si eso cuenta, pero me estoy haciendo viejo, no existen caminos, sino cuestas, nada nuevo me brinda el pellejo. Y amanec\u00ed muy temprano y anochezco al ponerse el sol porque no s\u00e9 si cuento o no. &nbsp; Y decid\u00ed dejar de ver cosas maravillosas y me encerr\u00e9 en paredes de hormig\u00f3n, dej\u00e9 de [&hellip;]<\/p>\n","protected":false},"author":13,"featured_media":0,"comment_status":"closed","ping_status":"closed","sticky":false,"template":"","format":"standard","meta":{"footnotes":""},"categories":[16],"tags":[],"class_list":["post-31180","post","type-post","status-publish","format-standard","hentry","category-cultura"],"_links":{"self":[{"href":"https:\/\/www.ayuntamientodeharia.com\/haria\/wp-json\/wp\/v2\/posts\/31180","targetHints":{"allow":["GET"]}}],"collection":[{"href":"https:\/\/www.ayuntamientodeharia.com\/haria\/wp-json\/wp\/v2\/posts"}],"about":[{"href":"https:\/\/www.ayuntamientodeharia.com\/haria\/wp-json\/wp\/v2\/types\/post"}],"author":[{"embeddable":true,"href":"https:\/\/www.ayuntamientodeharia.com\/haria\/wp-json\/wp\/v2\/users\/13"}],"replies":[{"embeddable":true,"href":"https:\/\/www.ayuntamientodeharia.com\/haria\/wp-json\/wp\/v2\/comments?post=31180"}],"version-history":[{"count":1,"href":"https:\/\/www.ayuntamientodeharia.com\/haria\/wp-json\/wp\/v2\/posts\/31180\/revisions"}],"predecessor-version":[{"id":31181,"href":"https:\/\/www.ayuntamientodeharia.com\/haria\/wp-json\/wp\/v2\/posts\/31180\/revisions\/31181"}],"wp:attachment":[{"href":"https:\/\/www.ayuntamientodeharia.com\/haria\/wp-json\/wp\/v2\/media?parent=31180"}],"wp:term":[{"taxonomy":"category","embeddable":true,"href":"https:\/\/www.ayuntamientodeharia.com\/haria\/wp-json\/wp\/v2\/categories?post=31180"},{"taxonomy":"post_tag","embeddable":true,"href":"https:\/\/www.ayuntamientodeharia.com\/haria\/wp-json\/wp\/v2\/tags?post=31180"}],"curies":[{"name":"wp","href":"https:\/\/api.w.org\/{rel}","templated":true}]}}