{"id":31176,"date":"2024-08-02T14:36:03","date_gmt":"2024-08-02T13:36:03","guid":{"rendered":"https:\/\/www.ayuntamientodeharia.com\/haria\/?p=31176"},"modified":"2024-08-02T14:36:03","modified_gmt":"2024-08-02T13:36:03","slug":"asadero-popular-en-haria-2","status":"publish","type":"post","link":"https:\/\/www.ayuntamientodeharia.com\/haria\/asadero-popular-en-haria-2\/","title":{"rendered":"Asadero Popular en Har\u00eda"},"content":{"rendered":"<p><span style=\"font-weight: 400;\">Desde el\u00a0 Ayuntamiento te invitamos al Asadero Popular organizado por la Asociaci\u00f3n Cultural y de Festejos \u2018VivHar\u00eda\u2019. Se celebrar\u00e1 el pr\u00f3ximo s\u00e1bado, 3 de agosto, de 21:00 a 2:00, en la plaza de Har\u00eda.<\/span><\/p>\n<p><span style=\"font-weight: 400;\">Disfruta de una noche festiva con la actuaci\u00f3n de los grupos \u2018El Lagar de Teseguite\u2019, \u2018David y Borja\u2019, y \u2018Swing del Norte\u2019. El asadero incluir\u00e1 comida y una bebida, por solo 10 euros. Puedes reservar tu mesa comprando un ticket en la Librer\u00eda Arrieta o contactando a los miembros de la asociaci\u00f3n.<\/span><\/p>\n","protected":false},"excerpt":{"rendered":"<p>Desde el\u00a0 Ayuntamiento te invitamos al Asadero Popular organizado por la Asociaci\u00f3n Cultural y de Festejos \u2018VivHar\u00eda\u2019. Se celebrar\u00e1 el pr\u00f3ximo s\u00e1bado, 3 de agosto, de 21:00 a 2:00, en la plaza de Har\u00eda. Disfruta de una noche festiva con la actuaci\u00f3n de los grupos \u2018El Lagar de Teseguite\u2019, \u2018David y Borja\u2019, y \u2018Swing del [&hellip;]<\/p>\n","protected":false},"author":13,"featured_media":31178,"comment_status":"closed","ping_status":"closed","sticky":false,"template":"","format":"standard","meta":{"footnotes":""},"categories":[25],"tags":[],"class_list":["post-31176","post","type-post","status-publish","format-standard","has-post-thumbnail","hentry","category-juventud"],"_links":{"self":[{"href":"https:\/\/www.ayuntamientodeharia.com\/haria\/wp-json\/wp\/v2\/posts\/31176","targetHints":{"allow":["GET"]}}],"collection":[{"href":"https:\/\/www.ayuntamientodeharia.com\/haria\/wp-json\/wp\/v2\/posts"}],"about":[{"href":"https:\/\/www.ayuntamientodeharia.com\/haria\/wp-json\/wp\/v2\/types\/post"}],"author":[{"embeddable":true,"href":"https:\/\/www.ayuntamientodeharia.com\/haria\/wp-json\/wp\/v2\/users\/13"}],"replies":[{"embeddable":true,"href":"https:\/\/www.ayuntamientodeharia.com\/haria\/wp-json\/wp\/v2\/comments?post=31176"}],"version-history":[{"count":1,"href":"https:\/\/www.ayuntamientodeharia.com\/haria\/wp-json\/wp\/v2\/posts\/31176\/revisions"}],"predecessor-version":[{"id":31179,"href":"https:\/\/www.ayuntamientodeharia.com\/haria\/wp-json\/wp\/v2\/posts\/31176\/revisions\/31179"}],"wp:featuredmedia":[{"embeddable":true,"href":"https:\/\/www.ayuntamientodeharia.com\/haria\/wp-json\/wp\/v2\/media\/31178"}],"wp:attachment":[{"href":"https:\/\/www.ayuntamientodeharia.com\/haria\/wp-json\/wp\/v2\/media?parent=31176"}],"wp:term":[{"taxonomy":"category","embeddable":true,"href":"https:\/\/www.ayuntamientodeharia.com\/haria\/wp-json\/wp\/v2\/categories?post=31176"},{"taxonomy":"post_tag","embeddable":true,"href":"https:\/\/www.ayuntamientodeharia.com\/haria\/wp-json\/wp\/v2\/tags?post=31176"}],"curies":[{"name":"wp","href":"https:\/\/api.w.org\/{rel}","templated":true}]}}