{"id":31110,"date":"2024-07-19T13:51:28","date_gmt":"2024-07-19T12:51:28","guid":{"rendered":"https:\/\/www.ayuntamientodeharia.com\/haria\/?p=31110"},"modified":"2024-07-19T13:51:28","modified_gmt":"2024-07-19T12:51:28","slug":"los-jovenes-del-ies-haria-destacan-en-el-campeonato-de-espana-de-orientacion-2024","status":"publish","type":"post","link":"https:\/\/www.ayuntamientodeharia.com\/haria\/los-jovenes-del-ies-haria-destacan-en-el-campeonato-de-espana-de-orientacion-2024\/","title":{"rendered":"Los j\u00f3venes del IES Har\u00eda destacan en el campeonato de Espa\u00f1a de Orientaci\u00f3n 2024"},"content":{"rendered":"<p><span style=\"font-weight: 400;\">El alumnado del IES Har\u00eda destaca en el Campeonato de Espa\u00f1a de Selecciones Auton\u00f3micas de Orientaci\u00f3n 2024 (CESA 2024), celebrado del 28 al 30 de junio en Portillo, Valladolid. Seis alumnos del IES Har\u00eda y dos del IES Costa Teguise representaron a Lanzarote en la Selecci\u00f3n Canaria de Orientaci\u00f3n en las categor\u00edas Infantil, Cadete y Juvenil.<\/span><\/p>\n<p><span style=\"font-weight: 400;\">Organizado por la FEDO, FOCYL y el Club Deportivo Portillo, el CESA 2024 reuni\u00f3 a 16 selecciones auton\u00f3micas, compitiendo en cinco pruebas: Media, Larga, Sprint, TRAIL-O y Relevos Mixtos. Adem\u00e1s, se celebr\u00f3 la Fiesta de las Autonom\u00edas, fomentando el compa\u00f1erismo entre los j\u00f3venes orientadores.<\/span><\/p>\n<p><span style=\"font-weight: 400;\">La selecci\u00f3n canaria logr\u00f3 un 7\u00ba puesto en Infantil, 12\u00ba en Cadetes y 11\u00ba en Juveniles. Esta participaci\u00f3n marca el cierre del proyecto RECR\u00c9ATE 2023\/24.\u00a0<\/span><\/p>\n<p><span style=\"font-weight: 400;\">El Departamento de Juventud del Ayuntamiento de Har\u00eda y el IES Har\u00eda ya preparan el proyecto RECR\u00c9ATE 2024\/25, que comenzar\u00e1 el 9 de septiembre.\u00a0<\/span><\/p>\n<p><span style=\"font-weight: 400;\">Agradecemos la participaci\u00f3n del Cabildo de Lanzarote, de la Direcci\u00f3n General de Deportes del Gobierno de Canarias y de todos los colaboradores.<\/span><\/p>\n","protected":false},"excerpt":{"rendered":"<p>El alumnado del IES Har\u00eda destaca en el Campeonato de Espa\u00f1a de Selecciones Auton\u00f3micas de Orientaci\u00f3n 2024 (CESA 2024), celebrado del 28 al 30 de junio en Portillo, Valladolid. Seis alumnos del IES Har\u00eda y dos del IES Costa Teguise representaron a Lanzarote en la Selecci\u00f3n Canaria de Orientaci\u00f3n en las categor\u00edas Infantil, Cadete y [&hellip;]<\/p>\n","protected":false},"author":13,"featured_media":31111,"comment_status":"closed","ping_status":"closed","sticky":false,"template":"","format":"standard","meta":{"footnotes":""},"categories":[19],"tags":[],"class_list":["post-31110","post","type-post","status-publish","format-standard","has-post-thumbnail","hentry","category-formacion"],"_links":{"self":[{"href":"https:\/\/www.ayuntamientodeharia.com\/haria\/wp-json\/wp\/v2\/posts\/31110","targetHints":{"allow":["GET"]}}],"collection":[{"href":"https:\/\/www.ayuntamientodeharia.com\/haria\/wp-json\/wp\/v2\/posts"}],"about":[{"href":"https:\/\/www.ayuntamientodeharia.com\/haria\/wp-json\/wp\/v2\/types\/post"}],"author":[{"embeddable":true,"href":"https:\/\/www.ayuntamientodeharia.com\/haria\/wp-json\/wp\/v2\/users\/13"}],"replies":[{"embeddable":true,"href":"https:\/\/www.ayuntamientodeharia.com\/haria\/wp-json\/wp\/v2\/comments?post=31110"}],"version-history":[{"count":1,"href":"https:\/\/www.ayuntamientodeharia.com\/haria\/wp-json\/wp\/v2\/posts\/31110\/revisions"}],"predecessor-version":[{"id":31112,"href":"https:\/\/www.ayuntamientodeharia.com\/haria\/wp-json\/wp\/v2\/posts\/31110\/revisions\/31112"}],"wp:featuredmedia":[{"embeddable":true,"href":"https:\/\/www.ayuntamientodeharia.com\/haria\/wp-json\/wp\/v2\/media\/31111"}],"wp:attachment":[{"href":"https:\/\/www.ayuntamientodeharia.com\/haria\/wp-json\/wp\/v2\/media?parent=31110"}],"wp:term":[{"taxonomy":"category","embeddable":true,"href":"https:\/\/www.ayuntamientodeharia.com\/haria\/wp-json\/wp\/v2\/categories?post=31110"},{"taxonomy":"post_tag","embeddable":true,"href":"https:\/\/www.ayuntamientodeharia.com\/haria\/wp-json\/wp\/v2\/tags?post=31110"}],"curies":[{"name":"wp","href":"https:\/\/api.w.org\/{rel}","templated":true}]}}