{"id":31031,"date":"2024-07-05T10:15:11","date_gmt":"2024-07-05T09:15:11","guid":{"rendered":"https:\/\/www.ayuntamientodeharia.com\/haria\/?p=31031"},"modified":"2024-07-05T10:15:11","modified_gmt":"2024-07-05T09:15:11","slug":"resumen-de-la-festividad-de-san-pedro-en-maguez","status":"publish","type":"post","link":"https:\/\/www.ayuntamientodeharia.com\/haria\/resumen-de-la-festividad-de-san-pedro-en-maguez\/","title":{"rendered":"Resumen de la Festividad de San Pedro, en M\u00e1guez"},"content":{"rendered":"<p><span style=\"font-weight: 400;\">El Ayuntamiento de Har\u00eda puso fin el pasado 30 de junio a las fiestas en honor a San Pedro, celebradas en el pueblo de M\u00e1guez.<\/span><\/p>\n<p><span style=\"font-weight: 400;\">El calendario de actos se prolong\u00f3 del 25 al 30 de junio. El municipio reuni\u00f3 a numerosos vecinos y vecinas en unas celebraciones que contaron con talleres, m\u00fasica, verbena, una excursi\u00f3n, concursos y la tradicional ceremonia de procesi\u00f3n y la misa.<\/span><\/p>\n<p><span style=\"font-weight: 400;\">El concejal de Festejos, Alberto de Le\u00f3n, agradeci\u00f3 la participaci\u00f3n y acogida de la ciudadan\u00eda y traslad\u00f3 sus felicitaciones a la comisi\u00f3n de fiestas. \u201cEsperamos que todos y todas hayan disfrutado de las fiestas patronales de San Pedro\u201d, dijo.<\/span><\/p>\n<p>&nbsp;<\/p>\n<p><img fetchpriority=\"high\" decoding=\"async\" class=\"alignnone size-medium wp-image-31032\" src=\"https:\/\/www.ayuntamientodeharia.com\/haria\/wp-content\/uploads\/2024\/07\/san-pedro-2-4-450x294.jpeg\" alt=\"\" width=\"450\" height=\"294\" srcset=\"https:\/\/www.ayuntamientodeharia.com\/haria\/wp-content\/uploads\/2024\/07\/san-pedro-2-4-450x294.jpeg 450w, https:\/\/www.ayuntamientodeharia.com\/haria\/wp-content\/uploads\/2024\/07\/san-pedro-2-4-1038x677.jpeg 1038w, https:\/\/www.ayuntamientodeharia.com\/haria\/wp-content\/uploads\/2024\/07\/san-pedro-2-4-768x501.jpeg 768w, https:\/\/www.ayuntamientodeharia.com\/haria\/wp-content\/uploads\/2024\/07\/san-pedro-2-4-550x359.jpeg 550w, https:\/\/www.ayuntamientodeharia.com\/haria\/wp-content\/uploads\/2024\/07\/san-pedro-2-4-1536x1002.jpeg 1536w, https:\/\/www.ayuntamientodeharia.com\/haria\/wp-content\/uploads\/2024\/07\/san-pedro-2-4-2048x1336.jpeg 2048w\" sizes=\"(max-width: 450px) 100vw, 450px\" \/> <img decoding=\"async\" class=\"alignnone size-medium wp-image-31033\" src=\"https:\/\/www.ayuntamientodeharia.com\/haria\/wp-content\/uploads\/2024\/07\/san-pedro-2-1-450x299.jpeg\" alt=\"\" width=\"450\" height=\"299\" srcset=\"https:\/\/www.ayuntamientodeharia.com\/haria\/wp-content\/uploads\/2024\/07\/san-pedro-2-1-450x299.jpeg 450w, https:\/\/www.ayuntamientodeharia.com\/haria\/wp-content\/uploads\/2024\/07\/san-pedro-2-1-1038x690.jpeg 1038w, https:\/\/www.ayuntamientodeharia.com\/haria\/wp-content\/uploads\/2024\/07\/san-pedro-2-1-768x511.jpeg 768w, https:\/\/www.ayuntamientodeharia.com\/haria\/wp-content\/uploads\/2024\/07\/san-pedro-2-1-550x366.jpeg 550w, https:\/\/www.ayuntamientodeharia.com\/haria\/wp-content\/uploads\/2024\/07\/san-pedro-2-1-1536x1022.jpeg 1536w, https:\/\/www.ayuntamientodeharia.com\/haria\/wp-content\/uploads\/2024\/07\/san-pedro-2-1-2048x1362.jpeg 2048w\" sizes=\"(max-width: 450px) 100vw, 450px\" \/><\/p>\n","protected":false},"excerpt":{"rendered":"<p>El Ayuntamiento de Har\u00eda puso fin el pasado 30 de junio a las fiestas en honor a San Pedro, celebradas en el pueblo de M\u00e1guez. El calendario de actos se prolong\u00f3 del 25 al 30 de junio. El municipio reuni\u00f3 a numerosos vecinos y vecinas en unas celebraciones que contaron con talleres, m\u00fasica, verbena, una [&hellip;]<\/p>\n","protected":false},"author":13,"featured_media":31034,"comment_status":"closed","ping_status":"closed","sticky":false,"template":"","format":"standard","meta":{"footnotes":""},"categories":[425,81],"tags":[],"class_list":["post-31031","post","type-post","status-publish","format-standard","has-post-thumbnail","hentry","category-destacado","category-municipio"],"_links":{"self":[{"href":"https:\/\/www.ayuntamientodeharia.com\/haria\/wp-json\/wp\/v2\/posts\/31031","targetHints":{"allow":["GET"]}}],"collection":[{"href":"https:\/\/www.ayuntamientodeharia.com\/haria\/wp-json\/wp\/v2\/posts"}],"about":[{"href":"https:\/\/www.ayuntamientodeharia.com\/haria\/wp-json\/wp\/v2\/types\/post"}],"author":[{"embeddable":true,"href":"https:\/\/www.ayuntamientodeharia.com\/haria\/wp-json\/wp\/v2\/users\/13"}],"replies":[{"embeddable":true,"href":"https:\/\/www.ayuntamientodeharia.com\/haria\/wp-json\/wp\/v2\/comments?post=31031"}],"version-history":[{"count":1,"href":"https:\/\/www.ayuntamientodeharia.com\/haria\/wp-json\/wp\/v2\/posts\/31031\/revisions"}],"predecessor-version":[{"id":31035,"href":"https:\/\/www.ayuntamientodeharia.com\/haria\/wp-json\/wp\/v2\/posts\/31031\/revisions\/31035"}],"wp:featuredmedia":[{"embeddable":true,"href":"https:\/\/www.ayuntamientodeharia.com\/haria\/wp-json\/wp\/v2\/media\/31034"}],"wp:attachment":[{"href":"https:\/\/www.ayuntamientodeharia.com\/haria\/wp-json\/wp\/v2\/media?parent=31031"}],"wp:term":[{"taxonomy":"category","embeddable":true,"href":"https:\/\/www.ayuntamientodeharia.com\/haria\/wp-json\/wp\/v2\/categories?post=31031"},{"taxonomy":"post_tag","embeddable":true,"href":"https:\/\/www.ayuntamientodeharia.com\/haria\/wp-json\/wp\/v2\/tags?post=31031"}],"curies":[{"name":"wp","href":"https:\/\/api.w.org\/{rel}","templated":true}]}}