{"id":31020,"date":"2024-07-05T10:09:18","date_gmt":"2024-07-05T09:09:18","guid":{"rendered":"https:\/\/www.ayuntamientodeharia.com\/haria\/?p=31020"},"modified":"2024-07-05T10:09:18","modified_gmt":"2024-07-05T09:09:18","slug":"exito-en-enduro-haria-lanzarote","status":"publish","type":"post","link":"https:\/\/www.ayuntamientodeharia.com\/haria\/exito-en-enduro-haria-lanzarote\/","title":{"rendered":"\u00c9xito en Enduro Har\u00eda Lanzarote"},"content":{"rendered":"<p><span style=\"font-weight: 400;\">El municipio de Har\u00eda fue testigo el pasado domingo del entusiasmo de los deportistas que participaron en la carrera ciclista en modalidad Enduro BTT, la &#8216;II Enduro Har\u00eda Lanzarote&#8217;. Organizada por el Ayuntamiento de Har\u00eda, a trav\u00e9s del \u00e1rea de Deportes, esta prueba demostr\u00f3 una vez m\u00e1s el creciente inter\u00e9s y la pasi\u00f3n por el ciclismo en nuestra isla.<\/span><\/p>\n<p><span style=\"font-weight: 400;\">Los participantes se enfrentaron a un recorrido exigente compuesto por cinco tramos cronometrados (TC\/STAGE) y cinco tramos de enlaces (TE), que pusieron a prueba sus habilidades y resistencia. La competici\u00f3n se dividi\u00f3 en varias categor\u00edas, abarcando desde los cadetes de 14 a\u00f1os hasta los veteranos de m\u00e1s de 50 a\u00f1os, adem\u00e1s de categor\u00edas espec\u00edficas para mujeres y E-bike.<\/span><\/p>\n<p><span style=\"font-weight: 400;\">Los ganadores en cada categor\u00eda fueron los siguientes:<\/span><\/p>\n<p><b>Categor\u00eda Junior<\/b><\/p>\n<p><span style=\"font-weight: 400;\">Dario Lozano<\/span><\/p>\n<p><span style=\"font-weight: 400;\">Jedey Mederos<\/span><\/p>\n<p><b>Categor\u00eda M\u00e1ster 30<\/b><\/p>\n<p><span style=\"font-weight: 400;\">Vidal Guti\u00e9rrez<\/span><\/p>\n<p><span style=\"font-weight: 400;\">Marco Padr\u00f3n<\/span><\/p>\n<p><span style=\"font-weight: 400;\">Categor\u00eda \u00c9lite:<\/span><\/p>\n<p><span style=\"font-weight: 400;\">Ignacio \u00c1vila<\/span><\/p>\n<p><b>Categor\u00eda E-bike Femenina<\/b><\/p>\n<p><span style=\"font-weight: 400;\">Naira Guerra<\/span><\/p>\n<p><b>Categor\u00eda E-bike<\/b><\/p>\n<p><span style=\"font-weight: 400;\">Le\u00f3n Mart\u00edn<\/span><\/p>\n<p><span style=\"font-weight: 400;\">Felix A. Rodr\u00edguez<\/span><\/p>\n<p><span style=\"font-weight: 400;\">Yeray Garc\u00eda<\/span><\/p>\n<p><b>Categor\u00eda M\u00e1ster 50\/60:<\/b><\/p>\n<p><span style=\"font-weight: 400;\">Jacobo Su\u00e1rez<\/span><\/p>\n<p><span style=\"font-weight: 400;\">Ralf Petrovskis<\/span><\/p>\n<p><span style=\"font-weight: 400;\">Thomas Goossens<\/span><\/p>\n<p><span style=\"font-weight: 400;\">El evento no solo destac\u00f3 por la alta participaci\u00f3n y el nivel competitivo, sino tambi\u00e9n por la perfecta organizaci\u00f3n y el ambiente festivo que se vivi\u00f3 en Har\u00eda. Los vecinos y vecinas se unieron para apoyar a los ciclistas, convirtiendo la II Enduro Har\u00eda Lanzarote en una fiesta deportiva inolvidable.<\/span><\/p>\n<p><span style=\"font-weight: 400;\">Felicitamos a todos los participantes por su esfuerzo y dedicaci\u00f3n, y agradecemos a todos los que lo hicieron posible.<\/span><\/p>\n<p><span style=\"font-weight: 400;\">\u00a1Nos vemos en la pr\u00f3xima edici\u00f3n!<\/span><\/p>\n<p>&nbsp;<\/p>\n<p><img fetchpriority=\"high\" decoding=\"async\" class=\"alignnone size-medium wp-image-31021\" src=\"https:\/\/www.ayuntamientodeharia.com\/haria\/wp-content\/uploads\/2024\/07\/enduro-lanzarote-1-338x450.jpeg\" alt=\"\" width=\"338\" height=\"450\" srcset=\"https:\/\/www.ayuntamientodeharia.com\/haria\/wp-content\/uploads\/2024\/07\/enduro-lanzarote-1-338x450.jpeg 338w, https:\/\/www.ayuntamientodeharia.com\/haria\/wp-content\/uploads\/2024\/07\/enduro-lanzarote-1-779x1038.jpeg 779w, https:\/\/www.ayuntamientodeharia.com\/haria\/wp-content\/uploads\/2024\/07\/enduro-lanzarote-1-768x1024.jpeg 768w, https:\/\/www.ayuntamientodeharia.com\/haria\/wp-content\/uploads\/2024\/07\/enduro-lanzarote-1-309x412.jpeg 309w, https:\/\/www.ayuntamientodeharia.com\/haria\/wp-content\/uploads\/2024\/07\/enduro-lanzarote-1-1152x1536.jpeg 1152w, https:\/\/www.ayuntamientodeharia.com\/haria\/wp-content\/uploads\/2024\/07\/enduro-lanzarote-1.jpeg 1200w\" sizes=\"(max-width: 338px) 100vw, 338px\" \/>\u00a0 \u00a0<img decoding=\"async\" class=\"alignnone size-medium wp-image-31022\" src=\"https:\/\/www.ayuntamientodeharia.com\/haria\/wp-content\/uploads\/2024\/07\/enduro-lanzarote-2-338x450.jpeg\" alt=\"\" width=\"338\" height=\"450\" srcset=\"https:\/\/www.ayuntamientodeharia.com\/haria\/wp-content\/uploads\/2024\/07\/enduro-lanzarote-2-338x450.jpeg 338w, https:\/\/www.ayuntamientodeharia.com\/haria\/wp-content\/uploads\/2024\/07\/enduro-lanzarote-2-779x1038.jpeg 779w, https:\/\/www.ayuntamientodeharia.com\/haria\/wp-content\/uploads\/2024\/07\/enduro-lanzarote-2-768x1024.jpeg 768w, https:\/\/www.ayuntamientodeharia.com\/haria\/wp-content\/uploads\/2024\/07\/enduro-lanzarote-2-309x412.jpeg 309w, https:\/\/www.ayuntamientodeharia.com\/haria\/wp-content\/uploads\/2024\/07\/enduro-lanzarote-2-1152x1536.jpeg 1152w, https:\/\/www.ayuntamientodeharia.com\/haria\/wp-content\/uploads\/2024\/07\/enduro-lanzarote-2.jpeg 1200w\" sizes=\"(max-width: 338px) 100vw, 338px\" \/>\u00a0 \u00a0<img decoding=\"async\" class=\"alignnone size-medium wp-image-31023\" src=\"https:\/\/www.ayuntamientodeharia.com\/haria\/wp-content\/uploads\/2024\/07\/enduro-lanzarote-338x450.jpg\" alt=\"\" width=\"338\" height=\"450\" srcset=\"https:\/\/www.ayuntamientodeharia.com\/haria\/wp-content\/uploads\/2024\/07\/enduro-lanzarote-338x450.jpg 338w, https:\/\/www.ayuntamientodeharia.com\/haria\/wp-content\/uploads\/2024\/07\/enduro-lanzarote-779x1038.jpg 779w, https:\/\/www.ayuntamientodeharia.com\/haria\/wp-content\/uploads\/2024\/07\/enduro-lanzarote-768x1024.jpg 768w, https:\/\/www.ayuntamientodeharia.com\/haria\/wp-content\/uploads\/2024\/07\/enduro-lanzarote-309x412.jpg 309w, https:\/\/www.ayuntamientodeharia.com\/haria\/wp-content\/uploads\/2024\/07\/enduro-lanzarote-1152x1536.jpg 1152w, https:\/\/www.ayuntamientodeharia.com\/haria\/wp-content\/uploads\/2024\/07\/enduro-lanzarote.jpg 1200w\" sizes=\"(max-width: 338px) 100vw, 338px\" \/><\/p>\n","protected":false},"excerpt":{"rendered":"<p>El municipio de Har\u00eda fue testigo el pasado domingo del entusiasmo de los deportistas que participaron en la carrera ciclista en modalidad Enduro BTT, la &#8216;II Enduro Har\u00eda Lanzarote&#8217;. Organizada por el Ayuntamiento de Har\u00eda, a trav\u00e9s del \u00e1rea de Deportes, esta prueba demostr\u00f3 una vez m\u00e1s el creciente inter\u00e9s y la pasi\u00f3n por el [&hellip;]<\/p>\n","protected":false},"author":13,"featured_media":31024,"comment_status":"closed","ping_status":"closed","sticky":false,"template":"","format":"standard","meta":{"footnotes":""},"categories":[17,425],"tags":[],"class_list":["post-31020","post","type-post","status-publish","format-standard","has-post-thumbnail","hentry","category-deportes","category-destacado"],"_links":{"self":[{"href":"https:\/\/www.ayuntamientodeharia.com\/haria\/wp-json\/wp\/v2\/posts\/31020","targetHints":{"allow":["GET"]}}],"collection":[{"href":"https:\/\/www.ayuntamientodeharia.com\/haria\/wp-json\/wp\/v2\/posts"}],"about":[{"href":"https:\/\/www.ayuntamientodeharia.com\/haria\/wp-json\/wp\/v2\/types\/post"}],"author":[{"embeddable":true,"href":"https:\/\/www.ayuntamientodeharia.com\/haria\/wp-json\/wp\/v2\/users\/13"}],"replies":[{"embeddable":true,"href":"https:\/\/www.ayuntamientodeharia.com\/haria\/wp-json\/wp\/v2\/comments?post=31020"}],"version-history":[{"count":1,"href":"https:\/\/www.ayuntamientodeharia.com\/haria\/wp-json\/wp\/v2\/posts\/31020\/revisions"}],"predecessor-version":[{"id":31025,"href":"https:\/\/www.ayuntamientodeharia.com\/haria\/wp-json\/wp\/v2\/posts\/31020\/revisions\/31025"}],"wp:featuredmedia":[{"embeddable":true,"href":"https:\/\/www.ayuntamientodeharia.com\/haria\/wp-json\/wp\/v2\/media\/31024"}],"wp:attachment":[{"href":"https:\/\/www.ayuntamientodeharia.com\/haria\/wp-json\/wp\/v2\/media?parent=31020"}],"wp:term":[{"taxonomy":"category","embeddable":true,"href":"https:\/\/www.ayuntamientodeharia.com\/haria\/wp-json\/wp\/v2\/categories?post=31020"},{"taxonomy":"post_tag","embeddable":true,"href":"https:\/\/www.ayuntamientodeharia.com\/haria\/wp-json\/wp\/v2\/tags?post=31020"}],"curies":[{"name":"wp","href":"https:\/\/api.w.org\/{rel}","templated":true}]}}