{"id":31005,"date":"2024-07-05T09:36:36","date_gmt":"2024-07-05T08:36:36","guid":{"rendered":"https:\/\/www.ayuntamientodeharia.com\/haria\/?p=31005"},"modified":"2024-07-05T09:36:36","modified_gmt":"2024-07-05T08:36:36","slug":"exposicion-de-taller-de-pintura-por-el-alumnado-3","status":"publish","type":"post","link":"https:\/\/www.ayuntamientodeharia.com\/haria\/exposicion-de-taller-de-pintura-por-el-alumnado-3\/","title":{"rendered":"Exposici\u00f3n de taller de pintura por el alumnado"},"content":{"rendered":"<p><span style=\"font-weight: 400;\">Este s\u00e1bado, d\u00eda 6 de Julio, a las 12:00 horas, se inaugura la exposici\u00f3n de Pintura de los alumnos del Taller de Pintura.<\/span><span style=\"font-weight: 400;\"><br \/>\n<\/span><span style=\"font-weight: 400;\">Este taller se viene impartiendo en nuestro Municipio hace una veintena de a\u00f1os, contando con un gran n\u00famero de alumnos participantes.<\/span><\/p>\n<p><span style=\"font-weight: 400;\">Donde estos artistas expondr\u00e1n su capacidad art\u00edstica, creativa, apreciaci\u00f3n por la naturaleza, comprensi\u00f3n, manipulaci\u00f3n y ejecuci\u00f3n de todas las t\u00e9cnicas pict\u00f3ricas<\/span><\/p>\n<p><span style=\"font-weight: 400;\">Por lo que se invita a las personas residentes y visitantes a disfrutar de dicha exposici\u00f3n, que permanecer\u00e1 abierta del 6 al 25 de julio, de martes a s\u00e1bado, de 10:00 a 13:00 horas.<\/span><\/p>\n","protected":false},"excerpt":{"rendered":"<p>Este s\u00e1bado, d\u00eda 6 de Julio, a las 12:00 horas, se inaugura la exposici\u00f3n de Pintura de los alumnos del Taller de Pintura. Este taller se viene impartiendo en nuestro Municipio hace una veintena de a\u00f1os, contando con un gran n\u00famero de alumnos participantes. Donde estos artistas expondr\u00e1n su capacidad art\u00edstica, creativa, apreciaci\u00f3n por la [&hellip;]<\/p>\n","protected":false},"author":13,"featured_media":30983,"comment_status":"closed","ping_status":"closed","sticky":false,"template":"","format":"standard","meta":{"footnotes":""},"categories":[111],"tags":[],"class_list":["post-31005","post","type-post","status-publish","format-standard","has-post-thumbnail","hentry","category-participacion-ciudadana"],"_links":{"self":[{"href":"https:\/\/www.ayuntamientodeharia.com\/haria\/wp-json\/wp\/v2\/posts\/31005","targetHints":{"allow":["GET"]}}],"collection":[{"href":"https:\/\/www.ayuntamientodeharia.com\/haria\/wp-json\/wp\/v2\/posts"}],"about":[{"href":"https:\/\/www.ayuntamientodeharia.com\/haria\/wp-json\/wp\/v2\/types\/post"}],"author":[{"embeddable":true,"href":"https:\/\/www.ayuntamientodeharia.com\/haria\/wp-json\/wp\/v2\/users\/13"}],"replies":[{"embeddable":true,"href":"https:\/\/www.ayuntamientodeharia.com\/haria\/wp-json\/wp\/v2\/comments?post=31005"}],"version-history":[{"count":2,"href":"https:\/\/www.ayuntamientodeharia.com\/haria\/wp-json\/wp\/v2\/posts\/31005\/revisions"}],"predecessor-version":[{"id":31007,"href":"https:\/\/www.ayuntamientodeharia.com\/haria\/wp-json\/wp\/v2\/posts\/31005\/revisions\/31007"}],"wp:featuredmedia":[{"embeddable":true,"href":"https:\/\/www.ayuntamientodeharia.com\/haria\/wp-json\/wp\/v2\/media\/30983"}],"wp:attachment":[{"href":"https:\/\/www.ayuntamientodeharia.com\/haria\/wp-json\/wp\/v2\/media?parent=31005"}],"wp:term":[{"taxonomy":"category","embeddable":true,"href":"https:\/\/www.ayuntamientodeharia.com\/haria\/wp-json\/wp\/v2\/categories?post=31005"},{"taxonomy":"post_tag","embeddable":true,"href":"https:\/\/www.ayuntamientodeharia.com\/haria\/wp-json\/wp\/v2\/tags?post=31005"}],"curies":[{"name":"wp","href":"https:\/\/api.w.org\/{rel}","templated":true}]}}