{"id":31002,"date":"2024-06-28T15:49:16","date_gmt":"2024-06-28T14:49:16","guid":{"rendered":"https:\/\/www.ayuntamientodeharia.com\/haria\/?p=31002"},"modified":"2024-06-28T15:49:16","modified_gmt":"2024-06-28T14:49:16","slug":"resumen-de-la-festividad-de-san-juan-en-haria","status":"publish","type":"post","link":"https:\/\/www.ayuntamientodeharia.com\/haria\/resumen-de-la-festividad-de-san-juan-en-haria\/","title":{"rendered":"Resumen de la Festividad de San Juan, en Har\u00eda"},"content":{"rendered":"<p><span style=\"font-weight: 400;\">Har\u00eda celebr\u00f3 un a\u00f1o m\u00e1s la fiesta de San Juan. Entre los eventos m\u00e1s destacados, nos emocion\u00f3 especialmente la entrega de los Premios Har\u00eda. Este a\u00f1o tuvimos el honor de premiar a Vladimir Ramos, quien no solo dej\u00f3 una huella como jugador del Har\u00eda Club de F\u00fatbol, sino que ahora gu\u00eda al equipo como entrenador.<\/span><\/p>\n<p><span style=\"font-weight: 400;\">Fue una semana repleta de tradici\u00f3n, magia y buenos deseos. Los momentos especiales y las experiencias compartidas nos han dejado recuerdos inolvidables. \u00a1Nos vemos el pr\u00f3ximo a\u00f1o para seguir celebrando juntos!<\/span><\/p>\n","protected":false},"excerpt":{"rendered":"<p>Har\u00eda celebr\u00f3 un a\u00f1o m\u00e1s la fiesta de San Juan. Entre los eventos m\u00e1s destacados, nos emocion\u00f3 especialmente la entrega de los Premios Har\u00eda. Este a\u00f1o tuvimos el honor de premiar a Vladimir Ramos, quien no solo dej\u00f3 una huella como jugador del Har\u00eda Club de F\u00fatbol, sino que ahora gu\u00eda al equipo como entrenador. [&hellip;]<\/p>\n","protected":false},"author":13,"featured_media":30979,"comment_status":"closed","ping_status":"closed","sticky":false,"template":"","format":"standard","meta":{"footnotes":""},"categories":[425,15],"tags":[],"class_list":["post-31002","post","type-post","status-publish","format-standard","has-post-thumbnail","hentry","category-destacado","category-festejos"],"_links":{"self":[{"href":"https:\/\/www.ayuntamientodeharia.com\/haria\/wp-json\/wp\/v2\/posts\/31002","targetHints":{"allow":["GET"]}}],"collection":[{"href":"https:\/\/www.ayuntamientodeharia.com\/haria\/wp-json\/wp\/v2\/posts"}],"about":[{"href":"https:\/\/www.ayuntamientodeharia.com\/haria\/wp-json\/wp\/v2\/types\/post"}],"author":[{"embeddable":true,"href":"https:\/\/www.ayuntamientodeharia.com\/haria\/wp-json\/wp\/v2\/users\/13"}],"replies":[{"embeddable":true,"href":"https:\/\/www.ayuntamientodeharia.com\/haria\/wp-json\/wp\/v2\/comments?post=31002"}],"version-history":[{"count":1,"href":"https:\/\/www.ayuntamientodeharia.com\/haria\/wp-json\/wp\/v2\/posts\/31002\/revisions"}],"predecessor-version":[{"id":31003,"href":"https:\/\/www.ayuntamientodeharia.com\/haria\/wp-json\/wp\/v2\/posts\/31002\/revisions\/31003"}],"wp:featuredmedia":[{"embeddable":true,"href":"https:\/\/www.ayuntamientodeharia.com\/haria\/wp-json\/wp\/v2\/media\/30979"}],"wp:attachment":[{"href":"https:\/\/www.ayuntamientodeharia.com\/haria\/wp-json\/wp\/v2\/media?parent=31002"}],"wp:term":[{"taxonomy":"category","embeddable":true,"href":"https:\/\/www.ayuntamientodeharia.com\/haria\/wp-json\/wp\/v2\/categories?post=31002"},{"taxonomy":"post_tag","embeddable":true,"href":"https:\/\/www.ayuntamientodeharia.com\/haria\/wp-json\/wp\/v2\/tags?post=31002"}],"curies":[{"name":"wp","href":"https:\/\/api.w.org\/{rel}","templated":true}]}}