{"id":31000,"date":"2024-06-28T15:48:03","date_gmt":"2024-06-28T14:48:03","guid":{"rendered":"https:\/\/www.ayuntamientodeharia.com\/haria\/?p=31000"},"modified":"2024-06-28T15:48:03","modified_gmt":"2024-06-28T14:48:03","slug":"olga-cerpa-y-mestisay-conquistan-al-publico-de-haria","status":"publish","type":"post","link":"https:\/\/www.ayuntamientodeharia.com\/haria\/olga-cerpa-y-mestisay-conquistan-al-publico-de-haria\/","title":{"rendered":"Olga Cerpa y Mestisay conquistan al p\u00fablico de Har\u00eda"},"content":{"rendered":"<p><span style=\"font-weight: 400;\">El pasado viernes vivimos una noche m\u00e1gica contagiada por el ritmo y el estilo de temas conocidos y populares que componen el repertorio habitual que interpreta Olga Cerpa y su banda Mestisay.<\/span><\/p>\n<p><span style=\"font-weight: 400;\">Los ritmos de Mestisay y la voz de Olga Cerpa cautivaron al p\u00fablico que asisti\u00f3 al concierto, enmarcado dentro de la programaci\u00f3n de las fiestas patronales de San Juan Bautista.<\/span><\/p>\n<p><span style=\"font-weight: 400;\">El Ayuntamiento de Har\u00eda agradece a todos los que se desplazaron hasta el municipio y a los que hicieron posible este concierto, como la colaboraci\u00f3n del programa MARES del Instituto Canario de Desarrollo Cultural del Gobierno de Canarias.<\/span><\/p>\n","protected":false},"excerpt":{"rendered":"<p>El pasado viernes vivimos una noche m\u00e1gica contagiada por el ritmo y el estilo de temas conocidos y populares que componen el repertorio habitual que interpreta Olga Cerpa y su banda Mestisay. Los ritmos de Mestisay y la voz de Olga Cerpa cautivaron al p\u00fablico que asisti\u00f3 al concierto, enmarcado dentro de la programaci\u00f3n de [&hellip;]<\/p>\n","protected":false},"author":13,"featured_media":30982,"comment_status":"closed","ping_status":"closed","sticky":false,"template":"","format":"standard","meta":{"footnotes":""},"categories":[425,15],"tags":[],"class_list":["post-31000","post","type-post","status-publish","format-standard","has-post-thumbnail","hentry","category-destacado","category-festejos"],"_links":{"self":[{"href":"https:\/\/www.ayuntamientodeharia.com\/haria\/wp-json\/wp\/v2\/posts\/31000","targetHints":{"allow":["GET"]}}],"collection":[{"href":"https:\/\/www.ayuntamientodeharia.com\/haria\/wp-json\/wp\/v2\/posts"}],"about":[{"href":"https:\/\/www.ayuntamientodeharia.com\/haria\/wp-json\/wp\/v2\/types\/post"}],"author":[{"embeddable":true,"href":"https:\/\/www.ayuntamientodeharia.com\/haria\/wp-json\/wp\/v2\/users\/13"}],"replies":[{"embeddable":true,"href":"https:\/\/www.ayuntamientodeharia.com\/haria\/wp-json\/wp\/v2\/comments?post=31000"}],"version-history":[{"count":1,"href":"https:\/\/www.ayuntamientodeharia.com\/haria\/wp-json\/wp\/v2\/posts\/31000\/revisions"}],"predecessor-version":[{"id":31001,"href":"https:\/\/www.ayuntamientodeharia.com\/haria\/wp-json\/wp\/v2\/posts\/31000\/revisions\/31001"}],"wp:featuredmedia":[{"embeddable":true,"href":"https:\/\/www.ayuntamientodeharia.com\/haria\/wp-json\/wp\/v2\/media\/30982"}],"wp:attachment":[{"href":"https:\/\/www.ayuntamientodeharia.com\/haria\/wp-json\/wp\/v2\/media?parent=31000"}],"wp:term":[{"taxonomy":"category","embeddable":true,"href":"https:\/\/www.ayuntamientodeharia.com\/haria\/wp-json\/wp\/v2\/categories?post=31000"},{"taxonomy":"post_tag","embeddable":true,"href":"https:\/\/www.ayuntamientodeharia.com\/haria\/wp-json\/wp\/v2\/tags?post=31000"}],"curies":[{"name":"wp","href":"https:\/\/api.w.org\/{rel}","templated":true}]}}