{"id":30994,"date":"2024-06-28T15:44:05","date_gmt":"2024-06-28T14:44:05","guid":{"rendered":"https:\/\/www.ayuntamientodeharia.com\/haria\/?p=30994"},"modified":"2024-06-28T15:44:05","modified_gmt":"2024-06-28T14:44:05","slug":"haria-representa-a-lanzarote-en-el-cesa-de-orientacion-2024-en-valladolid","status":"publish","type":"post","link":"https:\/\/www.ayuntamientodeharia.com\/haria\/haria-representa-a-lanzarote-en-el-cesa-de-orientacion-2024-en-valladolid\/","title":{"rendered":"Har\u00eda representa a Lanzarote en el CESA de Orientaci\u00f3n 2024 en Valladolid"},"content":{"rendered":"<p><span style=\"font-weight: 400;\">El departamento de Juventud del Ayuntamiento de Har\u00eda, en colaboraci\u00f3n con el IES Har\u00eda y el IES Costa Teguise,\u00a0 participa en el Campeonato de Espa\u00f1a de Selecciones Auton\u00f3micas (CESA) de Orientaci\u00f3n 2024, que se celebrar\u00e1 del 28 al 30 de junio en Portillo, Valladolid.<\/span><\/p>\n<p><span style=\"font-weight: 400;\">En esta edici\u00f3n, seis alumnos del IES Har\u00eda y dos alumnas del IES Costa Teguise representar\u00e1n a Lanzarote como parte de la Selecci\u00f3n Canaria de Orientaci\u00f3n. Junto con participantes de Gran Canaria, Tenerife y La Palma, formar\u00e1n un equipo de 24 personas, acompa\u00f1ados por seis entrenadores. Es la primera vez que la Selecci\u00f3n Canaria de Orientaci\u00f3n alcanza el m\u00e1ximo de participantes permitidos.<\/span><\/p>\n<p><span style=\"font-weight: 400;\">Durante su estancia en Portillo, los j\u00f3venes tendr\u00e1n una intensa agenda que incluir\u00e1 competiciones, convivencia y momentos de diversi\u00f3n con otras selecciones auton\u00f3micas. Este evento no solo promueve el deporte y la orientaci\u00f3n, sino tambi\u00e9n la camarader\u00eda entre j\u00f3venes de diferentes regiones de Espa\u00f1a.<\/span><\/p>\n","protected":false},"excerpt":{"rendered":"<p>El departamento de Juventud del Ayuntamiento de Har\u00eda, en colaboraci\u00f3n con el IES Har\u00eda y el IES Costa Teguise,\u00a0 participa en el Campeonato de Espa\u00f1a de Selecciones Auton\u00f3micas (CESA) de Orientaci\u00f3n 2024, que se celebrar\u00e1 del 28 al 30 de junio en Portillo, Valladolid. En esta edici\u00f3n, seis alumnos del IES Har\u00eda y dos alumnas [&hellip;]<\/p>\n","protected":false},"author":13,"featured_media":0,"comment_status":"closed","ping_status":"closed","sticky":false,"template":"","format":"standard","meta":{"footnotes":""},"categories":[19],"tags":[],"class_list":["post-30994","post","type-post","status-publish","format-standard","hentry","category-formacion"],"_links":{"self":[{"href":"https:\/\/www.ayuntamientodeharia.com\/haria\/wp-json\/wp\/v2\/posts\/30994","targetHints":{"allow":["GET"]}}],"collection":[{"href":"https:\/\/www.ayuntamientodeharia.com\/haria\/wp-json\/wp\/v2\/posts"}],"about":[{"href":"https:\/\/www.ayuntamientodeharia.com\/haria\/wp-json\/wp\/v2\/types\/post"}],"author":[{"embeddable":true,"href":"https:\/\/www.ayuntamientodeharia.com\/haria\/wp-json\/wp\/v2\/users\/13"}],"replies":[{"embeddable":true,"href":"https:\/\/www.ayuntamientodeharia.com\/haria\/wp-json\/wp\/v2\/comments?post=30994"}],"version-history":[{"count":1,"href":"https:\/\/www.ayuntamientodeharia.com\/haria\/wp-json\/wp\/v2\/posts\/30994\/revisions"}],"predecessor-version":[{"id":30995,"href":"https:\/\/www.ayuntamientodeharia.com\/haria\/wp-json\/wp\/v2\/posts\/30994\/revisions\/30995"}],"wp:attachment":[{"href":"https:\/\/www.ayuntamientodeharia.com\/haria\/wp-json\/wp\/v2\/media?parent=30994"}],"wp:term":[{"taxonomy":"category","embeddable":true,"href":"https:\/\/www.ayuntamientodeharia.com\/haria\/wp-json\/wp\/v2\/categories?post=30994"},{"taxonomy":"post_tag","embeddable":true,"href":"https:\/\/www.ayuntamientodeharia.com\/haria\/wp-json\/wp\/v2\/tags?post=30994"}],"curies":[{"name":"wp","href":"https:\/\/api.w.org\/{rel}","templated":true}]}}