{"id":30990,"date":"2024-06-28T15:41:33","date_gmt":"2024-06-28T14:41:33","guid":{"rendered":"https:\/\/www.ayuntamientodeharia.com\/haria\/?p=30990"},"modified":"2024-06-28T15:41:33","modified_gmt":"2024-06-28T14:41:33","slug":"programa-de-las-fiestas-en-honor-a-san-pedro-maguez-2024","status":"publish","type":"post","link":"https:\/\/www.ayuntamientodeharia.com\/haria\/programa-de-las-fiestas-en-honor-a-san-pedro-maguez-2024\/","title":{"rendered":"Programa de las Fiestas en Honor a San Pedro &#8211; M\u00e1guez 2024"},"content":{"rendered":"<p><span style=\"font-weight: 400;\">El Ayuntamiento de Har\u00eda ofrece una serie de actividades desde el 25 hasta el 30 de junio, desde talleres creativos y concursos emocionantes hasta torneos deportivos y verbenas.\u00a0<\/span><\/p>\n<p><b>Martes 25 de junio:<\/b><\/p>\n<p><span style=\"font-weight: 400;\">17:30h Concurso de reposter\u00eda.<\/span><\/p>\n<p><span style=\"font-weight: 400;\">18:00h Taller de confecci\u00f3n de banderas para engalanamiento del pueblo.<\/span><\/p>\n<p><span style=\"font-weight: 400;\">18:00h Taller para los ni\u00f1os &#8220;Decora tu taza&#8221;, con Universo M\u00e1gico.<\/span><\/p>\n<p><span style=\"font-weight: 400;\">19:30h Campeonato de ronda<\/span><b>.<\/b><b><\/p>\n<p><\/b><\/p>\n<p><b>Mi\u00e9rcoles 26 de junio:<\/b><\/p>\n<p><span style=\"font-weight: 400;\">18:00h I Torneo de f\u00fatbol Adexe Perez.<\/span><\/p>\n<p><span style=\"font-weight: 400;\">19:30h Campeonato de envite.<\/span><span style=\"font-weight: 400;\"><\/p>\n<p><\/span><\/p>\n<p><b>Jueves 27 de junio:<\/b><\/p>\n<p><span style=\"font-weight: 400;\">18:00h Cine infantil.<\/span><\/p>\n<p><span style=\"font-weight: 400;\">19:30h Campeonato de truco.<\/span><span style=\"font-weight: 400;\"><\/p>\n<p><\/span><\/p>\n<p><b>Viernes 28 de junio:<\/b><\/p>\n<p><span style=\"font-weight: 400;\">17:00h Taller de elaboraci\u00f3n de Cartera de empleita. Inscripci\u00f3n 619671672.<\/span><\/p>\n<p><span style=\"font-weight: 400;\">19:30h Bingo sorpresa.<\/span><\/p>\n<p><b>S\u00e1bado 29 de junio:<\/b><\/p>\n<p>&nbsp;<\/p>\n<p><span style=\"font-weight: 400;\">12:00h a 16:00h Verbena del agua con Nueva Stela y Swing del Norte, con actividades infantiles y colchoneta.<\/span><\/p>\n<p><span style=\"font-weight: 400;\">19:15h Santa misa y procesi\u00f3n.<\/span><\/p>\n<p><span style=\"font-weight: 400;\">A continuaci\u00f3n&#8230; enyesque con la actuaci\u00f3n de la parranda Sondemar.<\/span><\/p>\n<p><b>Domingo 30 de junio:<\/b><\/p>\n<p><span style=\"font-weight: 400;\">17:00h Taller de elaboraci\u00f3n de Rosetas. Inscripci\u00f3n 619671672.<\/span><\/p>\n<p><span style=\"font-weight: 400;\">17:00h Concurso de parch\u00eds para los m\u00e1s peque\u00f1os.<\/span><\/p>\n<p><span style=\"font-weight: 400;\">19:00h Finalizaci\u00f3n de campeonatos.<\/span><\/p>\n","protected":false},"excerpt":{"rendered":"<p>El Ayuntamiento de Har\u00eda ofrece una serie de actividades desde el 25 hasta el 30 de junio, desde talleres creativos y concursos emocionantes hasta torneos deportivos y verbenas.\u00a0 Martes 25 de junio: 17:30h Concurso de reposter\u00eda. 18:00h Taller de confecci\u00f3n de banderas para engalanamiento del pueblo. 18:00h Taller para los ni\u00f1os &#8220;Decora tu taza&#8221;, con [&hellip;]<\/p>\n","protected":false},"author":13,"featured_media":30984,"comment_status":"closed","ping_status":"closed","sticky":false,"template":"","format":"standard","meta":{"footnotes":""},"categories":[15],"tags":[],"class_list":["post-30990","post","type-post","status-publish","format-standard","has-post-thumbnail","hentry","category-festejos"],"_links":{"self":[{"href":"https:\/\/www.ayuntamientodeharia.com\/haria\/wp-json\/wp\/v2\/posts\/30990","targetHints":{"allow":["GET"]}}],"collection":[{"href":"https:\/\/www.ayuntamientodeharia.com\/haria\/wp-json\/wp\/v2\/posts"}],"about":[{"href":"https:\/\/www.ayuntamientodeharia.com\/haria\/wp-json\/wp\/v2\/types\/post"}],"author":[{"embeddable":true,"href":"https:\/\/www.ayuntamientodeharia.com\/haria\/wp-json\/wp\/v2\/users\/13"}],"replies":[{"embeddable":true,"href":"https:\/\/www.ayuntamientodeharia.com\/haria\/wp-json\/wp\/v2\/comments?post=30990"}],"version-history":[{"count":1,"href":"https:\/\/www.ayuntamientodeharia.com\/haria\/wp-json\/wp\/v2\/posts\/30990\/revisions"}],"predecessor-version":[{"id":30991,"href":"https:\/\/www.ayuntamientodeharia.com\/haria\/wp-json\/wp\/v2\/posts\/30990\/revisions\/30991"}],"wp:featuredmedia":[{"embeddable":true,"href":"https:\/\/www.ayuntamientodeharia.com\/haria\/wp-json\/wp\/v2\/media\/30984"}],"wp:attachment":[{"href":"https:\/\/www.ayuntamientodeharia.com\/haria\/wp-json\/wp\/v2\/media?parent=30990"}],"wp:term":[{"taxonomy":"category","embeddable":true,"href":"https:\/\/www.ayuntamientodeharia.com\/haria\/wp-json\/wp\/v2\/categories?post=30990"},{"taxonomy":"post_tag","embeddable":true,"href":"https:\/\/www.ayuntamientodeharia.com\/haria\/wp-json\/wp\/v2\/tags?post=30990"}],"curies":[{"name":"wp","href":"https:\/\/api.w.org\/{rel}","templated":true}]}}