{"id":30962,"date":"2024-06-21T13:38:49","date_gmt":"2024-06-21T12:38:49","guid":{"rendered":"https:\/\/www.ayuntamientodeharia.com\/haria\/?p=30962"},"modified":"2024-06-21T13:38:49","modified_gmt":"2024-06-21T12:38:49","slug":"la-banda-mestisay-y-olga-cerpa-actuan-en-haria-con-motivo-de-las-fiestas-patronales-de-san-juan-bautista","status":"publish","type":"post","link":"https:\/\/www.ayuntamientodeharia.com\/haria\/la-banda-mestisay-y-olga-cerpa-actuan-en-haria-con-motivo-de-las-fiestas-patronales-de-san-juan-bautista\/","title":{"rendered":"La banda Mestisay y Olga Cerpa act\u00faan en Har\u00eda con motivo de las fiestas patronales de San Juan Bautista"},"content":{"rendered":"<p><span style=\"font-weight: 400;\">La banda\u00a0 Mestisay y Olga Cerpa act\u00faan en Har\u00eda con motivo de las fiestas patronales de San Juan Bautista.<\/span><\/p>\n<p><span style=\"font-weight: 400;\">La actuaci\u00f3n es una de las principales citas incluidas en la programaci\u00f3n y tendr\u00e1 lugar este 21 de junio, a las 21:00 horas, en la Plaza de Har\u00eda<\/span><\/p>\n<p><span style=\"font-weight: 400;\">La banda Mestisay, con Olga Cerpa como solista, actuar\u00e1 el hoy viernes, 21 de junio, dentro de la programaci\u00f3n que ha dise\u00f1ado el Ayuntamiento de Har\u00eda para celebrar las fiestas patronales de San Juan Bautista. Ser\u00e1 en la Plaza de la Iglesia, a partir de las 21:00 horas.\u00a0<\/span><\/p>\n<p><span style=\"font-weight: 400;\">El grupo Mestisay es una de las formaciones musicales canarias con m\u00e1s tradici\u00f3n y proyecci\u00f3n internacional, por lo que han contribuido a la difusi\u00f3n de la cultura de las islas. La cantante Olga Cerpa es considerada una de las voces femeninas m\u00e1s destacadas del archipi\u00e9lago, llegando a estar nominada en dos ocasiones al Grammy Latino como Mejor \u00c1lbum Folcl\u00f3rico y Mejor \u00c1lbum Tropical Tradicional<\/span><\/p>\n","protected":false},"excerpt":{"rendered":"<p>La banda\u00a0 Mestisay y Olga Cerpa act\u00faan en Har\u00eda con motivo de las fiestas patronales de San Juan Bautista. La actuaci\u00f3n es una de las principales citas incluidas en la programaci\u00f3n y tendr\u00e1 lugar este 21 de junio, a las 21:00 horas, en la Plaza de Har\u00eda La banda Mestisay, con Olga Cerpa como solista, [&hellip;]<\/p>\n","protected":false},"author":13,"featured_media":30938,"comment_status":"closed","ping_status":"closed","sticky":false,"template":"","format":"standard","meta":{"footnotes":""},"categories":[425,15],"tags":[],"class_list":["post-30962","post","type-post","status-publish","format-standard","has-post-thumbnail","hentry","category-destacado","category-festejos"],"_links":{"self":[{"href":"https:\/\/www.ayuntamientodeharia.com\/haria\/wp-json\/wp\/v2\/posts\/30962","targetHints":{"allow":["GET"]}}],"collection":[{"href":"https:\/\/www.ayuntamientodeharia.com\/haria\/wp-json\/wp\/v2\/posts"}],"about":[{"href":"https:\/\/www.ayuntamientodeharia.com\/haria\/wp-json\/wp\/v2\/types\/post"}],"author":[{"embeddable":true,"href":"https:\/\/www.ayuntamientodeharia.com\/haria\/wp-json\/wp\/v2\/users\/13"}],"replies":[{"embeddable":true,"href":"https:\/\/www.ayuntamientodeharia.com\/haria\/wp-json\/wp\/v2\/comments?post=30962"}],"version-history":[{"count":1,"href":"https:\/\/www.ayuntamientodeharia.com\/haria\/wp-json\/wp\/v2\/posts\/30962\/revisions"}],"predecessor-version":[{"id":30963,"href":"https:\/\/www.ayuntamientodeharia.com\/haria\/wp-json\/wp\/v2\/posts\/30962\/revisions\/30963"}],"wp:featuredmedia":[{"embeddable":true,"href":"https:\/\/www.ayuntamientodeharia.com\/haria\/wp-json\/wp\/v2\/media\/30938"}],"wp:attachment":[{"href":"https:\/\/www.ayuntamientodeharia.com\/haria\/wp-json\/wp\/v2\/media?parent=30962"}],"wp:term":[{"taxonomy":"category","embeddable":true,"href":"https:\/\/www.ayuntamientodeharia.com\/haria\/wp-json\/wp\/v2\/categories?post=30962"},{"taxonomy":"post_tag","embeddable":true,"href":"https:\/\/www.ayuntamientodeharia.com\/haria\/wp-json\/wp\/v2\/tags?post=30962"}],"curies":[{"name":"wp","href":"https:\/\/api.w.org\/{rel}","templated":true}]}}