{"id":30955,"date":"2024-06-21T13:30:59","date_gmt":"2024-06-21T12:30:59","guid":{"rendered":"https:\/\/www.ayuntamientodeharia.com\/haria\/?p=30955"},"modified":"2024-06-21T13:30:59","modified_gmt":"2024-06-21T12:30:59","slug":"se-reordena-el-trafico-de-varias-vias-del-municipio-con-motivo-de-las-fiestas-de-san-juan-bautista-2","status":"publish","type":"post","link":"https:\/\/www.ayuntamientodeharia.com\/haria\/se-reordena-el-trafico-de-varias-vias-del-municipio-con-motivo-de-las-fiestas-de-san-juan-bautista-2\/","title":{"rendered":"Se reordena el tr\u00e1fico de var\u00edas v\u00edas del municipio con motivo de las fiestas de San Juan Bautista"},"content":{"rendered":"<p><span style=\"font-weight: 400;\">Las fiestas de San Juan Bautista obligan a reordenar el tr\u00e1fico en varias v\u00edas del municipio, con el objetivo de facilitar el desarrollo de las actividades y garantizar la seguridad.<\/span><\/p>\n<p><b>Viernes y s\u00e1bado, d\u00eda 21 y 22 de junio<\/b><span style=\"font-weight: 400;\">: se proh\u00edbe estacionar y circular en la calle La Cilla, desde la intersecci\u00f3n con la calle Encarnaci\u00f3n Rodr\u00edguez Lasso, hasta la calle La Hoya. La restricci\u00f3n de estacionamiento estar\u00e1 vigente desde las 19:30 horas del viernes y hasta las 02:30 horas del s\u00e1bado; y la prohibici\u00f3n de circulaci\u00f3n ser\u00e1 desde las 20:30 horas del viernes y hasta las 02:30 horas del s\u00e1bado.<\/span><\/p>\n<p><b>S\u00e1bado y domingo, 22 y 23 de junio:<\/b><span style=\"font-weight: 400;\"> se proh\u00edbe estacionar y circular en la calle La Cilla, desde la intersecci\u00f3n con la calle Encarnaci\u00f3n Rodr\u00edguez Lasso, hasta la calle La Hoya, desde las 21:00 horas del s\u00e1bado y hasta las 05:00 horas del domingo. Y la prohibici\u00f3n de circulaci\u00f3n en esas mismas v\u00edas ser\u00e1 desde las 22:00 horas del s\u00e1bado y hasta las 05:00 horas del domingo, salvo para veh\u00edculos autorizados.<\/span><\/p>\n<p><b>Domingo y lunes, 23 y 24 de junio:<\/b><span style=\"font-weight: 400;\"> no se permite estacionar y circular en varias calles. En la calle La Cilla, desde la intersecci\u00f3n con la calle La Cruz, hasta la calle La Hoya, no se podr\u00e1 estacionar desde las 16:00 horas del domingo y hasta las 06:00.<\/span><\/p>\n","protected":false},"excerpt":{"rendered":"<p>Las fiestas de San Juan Bautista obligan a reordenar el tr\u00e1fico en varias v\u00edas del municipio, con el objetivo de facilitar el desarrollo de las actividades y garantizar la seguridad. Viernes y s\u00e1bado, d\u00eda 21 y 22 de junio: se proh\u00edbe estacionar y circular en la calle La Cilla, desde la intersecci\u00f3n con la calle [&hellip;]<\/p>\n","protected":false},"author":13,"featured_media":0,"comment_status":"closed","ping_status":"closed","sticky":false,"template":"","format":"standard","meta":{"footnotes":""},"categories":[81],"tags":[],"class_list":["post-30955","post","type-post","status-publish","format-standard","hentry","category-municipio"],"_links":{"self":[{"href":"https:\/\/www.ayuntamientodeharia.com\/haria\/wp-json\/wp\/v2\/posts\/30955","targetHints":{"allow":["GET"]}}],"collection":[{"href":"https:\/\/www.ayuntamientodeharia.com\/haria\/wp-json\/wp\/v2\/posts"}],"about":[{"href":"https:\/\/www.ayuntamientodeharia.com\/haria\/wp-json\/wp\/v2\/types\/post"}],"author":[{"embeddable":true,"href":"https:\/\/www.ayuntamientodeharia.com\/haria\/wp-json\/wp\/v2\/users\/13"}],"replies":[{"embeddable":true,"href":"https:\/\/www.ayuntamientodeharia.com\/haria\/wp-json\/wp\/v2\/comments?post=30955"}],"version-history":[{"count":1,"href":"https:\/\/www.ayuntamientodeharia.com\/haria\/wp-json\/wp\/v2\/posts\/30955\/revisions"}],"predecessor-version":[{"id":30956,"href":"https:\/\/www.ayuntamientodeharia.com\/haria\/wp-json\/wp\/v2\/posts\/30955\/revisions\/30956"}],"wp:attachment":[{"href":"https:\/\/www.ayuntamientodeharia.com\/haria\/wp-json\/wp\/v2\/media?parent=30955"}],"wp:term":[{"taxonomy":"category","embeddable":true,"href":"https:\/\/www.ayuntamientodeharia.com\/haria\/wp-json\/wp\/v2\/categories?post=30955"},{"taxonomy":"post_tag","embeddable":true,"href":"https:\/\/www.ayuntamientodeharia.com\/haria\/wp-json\/wp\/v2\/tags?post=30955"}],"curies":[{"name":"wp","href":"https:\/\/api.w.org\/{rel}","templated":true}]}}