{"id":30953,"date":"2024-06-21T13:29:47","date_gmt":"2024-06-21T12:29:47","guid":{"rendered":"https:\/\/www.ayuntamientodeharia.com\/haria\/?p=30953"},"modified":"2024-06-21T13:29:47","modified_gmt":"2024-06-21T12:29:47","slug":"programa-de-las-fiestas-fin-de-semana","status":"publish","type":"post","link":"https:\/\/www.ayuntamientodeharia.com\/haria\/programa-de-las-fiestas-fin-de-semana\/","title":{"rendered":"Programa de las fiestas fin de semana"},"content":{"rendered":"<p><b>VIERNES 21 DE JUNIO<\/b><\/p>\n<p><b>21:00 horas<\/b><span style=\"font-weight: 400;\">. Concierto Olga Cerpa y Mestisay.<\/span><\/p>\n<p><span style=\"font-weight: 400;\">A continuaci\u00f3n: Fiesta San Juanera con Treintytantos y Bourbon. Plaza de Har\u00eda.<\/span><\/p>\n<p><b>\u00a0<\/b><\/p>\n<p><b>S\u00c1BADO 22 DE JUNIO<\/b><\/p>\n<p><b>09:30 a 18:00 horas. <\/b><span style=\"font-weight: 400;\">XLV SUBIDA A HAR\u00cdA<\/span><\/p>\n<p><b>09:30 horas. <\/b><span style=\"font-weight: 400;\">Verificaci\u00f3n t\u00e9cnica de los veh\u00edculos en las calles De La Silla y Encarnaci\u00f3n Rodr\u00edguez Lasso.<\/span><\/p>\n<p><b>15:00 horas. <\/b><span style=\"font-weight: 400;\">Salida del primer participante en la prueba de reconocimiento.<\/span><\/p>\n<p><span style=\"font-weight: 400;\">A continuaci\u00f3n: Primera y segunda manga.<\/span><\/p>\n<p><b>18:00 horas. <\/b><span style=\"font-weight: 400;\">Entrega de trofeos en la Plaza de Har\u00eda.<\/span><\/p>\n<p><b>10:00 horas: <\/b><span style=\"font-weight: 400;\">MINIBASKET femenino y masculino. Club Baloncesto Har\u00eda La Vuelta Arriba \u2013 Club Deportivo Magec T\u00edas.<\/span><\/p>\n<p><b>10:00 horas. <\/b><span style=\"font-weight: 400;\">IV MEMORIAL DE F\u00daTBOL VETERANOS Aday Ponce Lemes. Campo de f\u00fatbol \u201cLadislao Rodr\u00edguez Bonilla\u201d. Con los equipos: Har\u00eda Veteranos, Ron de Fuerteventura y La Pe\u00f1a de Fuerteventura<\/span><\/p>\n<p><b>11:30 <\/b><span style=\"font-weight: 400;\">BALONCESTO INFANTIL femenino Club Baloncesto Har\u00eda La Vuelta Arriba \u2013 Club Deportivo Magec T\u00edas.<\/span><\/p>\n<p><b>20:30 horas. <\/b><span style=\"font-weight: 400;\">Teatro. Comedia musical. Obra: <\/span><i><span style=\"font-weight: 400;\">La herencia de t\u00eda Br\u00edgida. <\/span><\/i><span style=\"font-weight: 400;\">Para p\u00fablico mayor de 12 a\u00f1os. Sala teatro La Tegala de Har\u00eda.<\/span><b>\u00a0<\/b><\/p>\n<p><b>23:00 horas.<\/b><span style=\"font-weight: 400;\"> VERBENA con las orquestas Banda Nueva y Grupo Bomba. Plaza de Har\u00eda.<\/span><\/p>\n<p><b>\u00a0<\/b><\/p>\n<p><b>DOMINGO 23 DE JUNIO<\/b><\/p>\n<p><b>20:30 <\/b><span style=\"font-weight: 400;\">XXVI Premios Har\u00eda. Acto institucional. Plaza de Har\u00eda.<\/span><\/p>\n<p><b>Premiado: D. \u00d3scar Vladimir Ramos Afonso.<\/b><\/p>\n<p><span style=\"font-weight: 400;\">Actuaci\u00f3n musical del timplista Domingo Rodr\u00edguez \u201cEl Colorao\u201d acompa\u00f1ado a la guitarra por Adri\u00e1n Niz y los solistas Manuel Estupi\u00f1\u00e1n de Gran Canaria y Fabiola Hern\u00e1ndez de Lanzarote.<\/span><\/p>\n<p><b>23:00 horas. <\/b><span style=\"font-weight: 400;\">Noche de Fuego con la Quema de Facundo, la Danza del Fuego y fuegos artificiales. Solar junto a la Plaza de Har\u00eda.<\/span><\/p>\n<p><span style=\"font-weight: 400;\">A continuaci\u00f3n: Verbena con las orquestas Mambo Latino y La Mec\u00e1nica by Tamarindos. Plaza de Har\u00eda.<\/span><\/p>\n<p><b>\u00a0<\/b><\/p>\n<p><b>LUNES 24 DE JUNIO<\/b><\/p>\n<p><b>11:30 horas.<\/b><span style=\"font-weight: 400;\"> Misa Solemne en honor a San Juan Bautista. Presidida por D. Crist\u00f3bal D\u00e9niz Hern\u00e1ndez, Obispo auxiliar de la Di\u00f3cesis de Canarias. Iglesia de Nuestra Se\u00f1ora de la Encarnaci\u00f3n.<\/span><\/p>\n<p><span style=\"font-weight: 400;\">A continuaci\u00f3n: PROCESI\u00d3N.<\/span><\/p>\n<p><b>20:30 horas. <\/b><span style=\"font-weight: 400;\">Gala fin de fiesta a cargo de la escuela de baile B\u00e1ilame, con las actuaciones de la escuela invitada MT Dance y el grupo Glitter Girls. Plaza de Har\u00eda.<\/span><\/p>\n","protected":false},"excerpt":{"rendered":"<p>VIERNES 21 DE JUNIO 21:00 horas. Concierto Olga Cerpa y Mestisay. A continuaci\u00f3n: Fiesta San Juanera con Treintytantos y Bourbon. Plaza de Har\u00eda. \u00a0 S\u00c1BADO 22 DE JUNIO 09:30 a 18:00 horas. XLV SUBIDA A HAR\u00cdA 09:30 horas. Verificaci\u00f3n t\u00e9cnica de los veh\u00edculos en las calles De La Silla y Encarnaci\u00f3n Rodr\u00edguez Lasso. 15:00 horas. [&hellip;]<\/p>\n","protected":false},"author":13,"featured_media":30942,"comment_status":"closed","ping_status":"closed","sticky":false,"template":"","format":"standard","meta":{"footnotes":""},"categories":[15],"tags":[],"class_list":["post-30953","post","type-post","status-publish","format-standard","has-post-thumbnail","hentry","category-festejos"],"_links":{"self":[{"href":"https:\/\/www.ayuntamientodeharia.com\/haria\/wp-json\/wp\/v2\/posts\/30953","targetHints":{"allow":["GET"]}}],"collection":[{"href":"https:\/\/www.ayuntamientodeharia.com\/haria\/wp-json\/wp\/v2\/posts"}],"about":[{"href":"https:\/\/www.ayuntamientodeharia.com\/haria\/wp-json\/wp\/v2\/types\/post"}],"author":[{"embeddable":true,"href":"https:\/\/www.ayuntamientodeharia.com\/haria\/wp-json\/wp\/v2\/users\/13"}],"replies":[{"embeddable":true,"href":"https:\/\/www.ayuntamientodeharia.com\/haria\/wp-json\/wp\/v2\/comments?post=30953"}],"version-history":[{"count":1,"href":"https:\/\/www.ayuntamientodeharia.com\/haria\/wp-json\/wp\/v2\/posts\/30953\/revisions"}],"predecessor-version":[{"id":30954,"href":"https:\/\/www.ayuntamientodeharia.com\/haria\/wp-json\/wp\/v2\/posts\/30953\/revisions\/30954"}],"wp:featuredmedia":[{"embeddable":true,"href":"https:\/\/www.ayuntamientodeharia.com\/haria\/wp-json\/wp\/v2\/media\/30942"}],"wp:attachment":[{"href":"https:\/\/www.ayuntamientodeharia.com\/haria\/wp-json\/wp\/v2\/media?parent=30953"}],"wp:term":[{"taxonomy":"category","embeddable":true,"href":"https:\/\/www.ayuntamientodeharia.com\/haria\/wp-json\/wp\/v2\/categories?post=30953"},{"taxonomy":"post_tag","embeddable":true,"href":"https:\/\/www.ayuntamientodeharia.com\/haria\/wp-json\/wp\/v2\/tags?post=30953"}],"curies":[{"name":"wp","href":"https:\/\/api.w.org\/{rel}","templated":true}]}}