{"id":30949,"date":"2024-06-21T13:25:38","date_gmt":"2024-06-21T12:25:38","guid":{"rendered":"https:\/\/www.ayuntamientodeharia.com\/haria\/?p=30949"},"modified":"2024-06-21T13:25:38","modified_gmt":"2024-06-21T12:25:38","slug":"nuevos-horarios-en-haria-para-las-fiestas-de-san-juan-y-el-verano","status":"publish","type":"post","link":"https:\/\/www.ayuntamientodeharia.com\/haria\/nuevos-horarios-en-haria-para-las-fiestas-de-san-juan-y-el-verano\/","title":{"rendered":"Nuevos Horarios en Har\u00eda para las Fiestas de San Juan y el Verano"},"content":{"rendered":"<p><span style=\"font-weight: 400;\">Ante la proximidad de las fiestas de San Juan y el periodo vacacional, el Ayuntamiento de Har\u00eda informa de la reducci\u00f3n de la jornada laboral:<\/span><span style=\"font-weight: 400;\"><br \/>\n<\/span><span style=\"font-weight: 400;\"><br \/>\n<\/span><span style=\"font-weight: 400;\">Semana de San Juan (del 17 al 21 de junio de 2024):<\/span><\/p>\n<ul>\n<li style=\"font-weight: 400;\" aria-level=\"1\"><span style=\"font-weight: 400;\">Oficinas: de 08:00 a 13:00 horas<\/span><\/li>\n<li style=\"font-weight: 400;\" aria-level=\"1\"><span style=\"font-weight: 400;\">Parque M\u00f3vil: de 07:00 a 12:00 horas<\/span><\/li>\n<\/ul>\n<p><span style=\"font-weight: 400;\">Verano 2024 (del 25 de junio al 30 de septiembre de 2024):<\/span><\/p>\n<ul>\n<li style=\"font-weight: 400;\" aria-level=\"1\"><span style=\"font-weight: 400;\">Oficinas: de 08:00 a 14:00 horas<\/span><\/li>\n<li style=\"font-weight: 400;\" aria-level=\"1\"><span style=\"font-weight: 400;\">Parque M\u00f3vil: de 07:00 a 13:00 horas<\/span><\/li>\n<\/ul>\n<p><span style=\"font-weight: 400;\">Horarios Especiales:<\/span><\/p>\n<ul>\n<li style=\"font-weight: 400;\" aria-level=\"1\"><span style=\"font-weight: 400;\">Biblioteca Municipal en verano: De lunes a viernes, de 08:00 a 14:00 horas. (Durante la Semana de San Juan, de 08:00 a 13:00 horas).<\/span><\/li>\n<li style=\"font-weight: 400;\" aria-level=\"1\"><span style=\"font-weight: 400;\">Exposici\u00f3n &#8220;Vestir la Ropa Blanda. Una Mirada al Interior&#8221; en la Sala Aljibe: Del 19 al 28 de junio, la sala abrir\u00e1 de 10:00 a 13:00 horas y de 16:00 a 20:00 horas.<\/span><\/li>\n<\/ul>\n","protected":false},"excerpt":{"rendered":"<p>Ante la proximidad de las fiestas de San Juan y el periodo vacacional, el Ayuntamiento de Har\u00eda informa de la reducci\u00f3n de la jornada laboral: Semana de San Juan (del 17 al 21 de junio de 2024): Oficinas: de 08:00 a 13:00 horas Parque M\u00f3vil: de 07:00 a 12:00 horas Verano 2024 (del 25 de [&hellip;]<\/p>\n","protected":false},"author":13,"featured_media":0,"comment_status":"closed","ping_status":"closed","sticky":false,"template":"","format":"standard","meta":{"footnotes":""},"categories":[81],"tags":[],"class_list":["post-30949","post","type-post","status-publish","format-standard","hentry","category-municipio"],"_links":{"self":[{"href":"https:\/\/www.ayuntamientodeharia.com\/haria\/wp-json\/wp\/v2\/posts\/30949","targetHints":{"allow":["GET"]}}],"collection":[{"href":"https:\/\/www.ayuntamientodeharia.com\/haria\/wp-json\/wp\/v2\/posts"}],"about":[{"href":"https:\/\/www.ayuntamientodeharia.com\/haria\/wp-json\/wp\/v2\/types\/post"}],"author":[{"embeddable":true,"href":"https:\/\/www.ayuntamientodeharia.com\/haria\/wp-json\/wp\/v2\/users\/13"}],"replies":[{"embeddable":true,"href":"https:\/\/www.ayuntamientodeharia.com\/haria\/wp-json\/wp\/v2\/comments?post=30949"}],"version-history":[{"count":1,"href":"https:\/\/www.ayuntamientodeharia.com\/haria\/wp-json\/wp\/v2\/posts\/30949\/revisions"}],"predecessor-version":[{"id":30950,"href":"https:\/\/www.ayuntamientodeharia.com\/haria\/wp-json\/wp\/v2\/posts\/30949\/revisions\/30950"}],"wp:attachment":[{"href":"https:\/\/www.ayuntamientodeharia.com\/haria\/wp-json\/wp\/v2\/media?parent=30949"}],"wp:term":[{"taxonomy":"category","embeddable":true,"href":"https:\/\/www.ayuntamientodeharia.com\/haria\/wp-json\/wp\/v2\/categories?post=30949"},{"taxonomy":"post_tag","embeddable":true,"href":"https:\/\/www.ayuntamientodeharia.com\/haria\/wp-json\/wp\/v2\/tags?post=30949"}],"curies":[{"name":"wp","href":"https:\/\/api.w.org\/{rel}","templated":true}]}}