{"id":30912,"date":"2024-06-17T10:59:22","date_gmt":"2024-06-17T09:59:22","guid":{"rendered":"https:\/\/www.ayuntamientodeharia.com\/haria\/?p=30912"},"modified":"2024-06-17T10:59:22","modified_gmt":"2024-06-17T09:59:22","slug":"abrimos-las-inscripciones-para-la-escuela-de-verano-2024","status":"publish","type":"post","link":"https:\/\/www.ayuntamientodeharia.com\/haria\/abrimos-las-inscripciones-para-la-escuela-de-verano-2024\/","title":{"rendered":"Abrimos las inscripciones para la Escuela de Verano 2024"},"content":{"rendered":"<p><span style=\"font-weight: 400;\">Este verano, del 1 de julio al 30 de agosto, el CEIP San Juan de Har\u00eda abre sus puertas de 8:00 a 14:00 horas para la <\/span><b>Escuela de Verano para Todos<\/b><span style=\"font-weight: 400;\">.<\/span><\/p>\n<p><span style=\"font-weight: 400;\">Adem\u00e1s, ofrecemos acogida temprana de 07:00 a 08:00, y acogida tard\u00eda de 14:00 a 15:00, para mayor comodidad de las familias.<\/span><\/p>\n<p><span style=\"font-weight: 400;\">Los ni\u00f1os podr\u00e1n disfrutar de actividades adaptadas a todas las edades y necesidades, excursiones, talleres de manualidades, juegos al aire libre y muchas m\u00e1s sorpresas.<\/span><\/p>\n<p><b>Las inscripciones son limitadas y existe <\/b><span style=\"font-weight: 400;\">prioridad para empadronados en el municipio, ni\u00f1os de 2 a 12 a\u00f1os nacidos entre 2012 y 2022. El plazo de inscripci\u00f3n es del 14 al 27 de junio, a trav\u00e9s de la sede electr\u00f3nica del Ayuntamiento de Har\u00eda.<\/span><\/p>\n<p><span style=\"font-weight: 400;\">Esta Escuela de Verano cuenta con la colaboraci\u00f3n de la Fundaci\u00f3n Canaria San Vicente y el \u00c1rea de Educaci\u00f3n. Garantizamos un verano lleno de aprendizaje, diversi\u00f3n y seguridad para todos nuestros peque\u00f1os.<\/span><\/p>\n<p><span style=\"font-weight: 400;\">Para m\u00e1s detalles, contacta al n\u00famero de tel\u00e9fono: 620 363 622<\/span><\/p>\n","protected":false},"excerpt":{"rendered":"<p>Este verano, del 1 de julio al 30 de agosto, el CEIP San Juan de Har\u00eda abre sus puertas de 8:00 a 14:00 horas para la Escuela de Verano para Todos. Adem\u00e1s, ofrecemos acogida temprana de 07:00 a 08:00, y acogida tard\u00eda de 14:00 a 15:00, para mayor comodidad de las familias. Los ni\u00f1os podr\u00e1n [&hellip;]<\/p>\n","protected":false},"author":13,"featured_media":30898,"comment_status":"closed","ping_status":"closed","sticky":false,"template":"","format":"standard","meta":{"footnotes":""},"categories":[425,19],"tags":[],"class_list":["post-30912","post","type-post","status-publish","format-standard","has-post-thumbnail","hentry","category-destacado","category-formacion"],"_links":{"self":[{"href":"https:\/\/www.ayuntamientodeharia.com\/haria\/wp-json\/wp\/v2\/posts\/30912","targetHints":{"allow":["GET"]}}],"collection":[{"href":"https:\/\/www.ayuntamientodeharia.com\/haria\/wp-json\/wp\/v2\/posts"}],"about":[{"href":"https:\/\/www.ayuntamientodeharia.com\/haria\/wp-json\/wp\/v2\/types\/post"}],"author":[{"embeddable":true,"href":"https:\/\/www.ayuntamientodeharia.com\/haria\/wp-json\/wp\/v2\/users\/13"}],"replies":[{"embeddable":true,"href":"https:\/\/www.ayuntamientodeharia.com\/haria\/wp-json\/wp\/v2\/comments?post=30912"}],"version-history":[{"count":1,"href":"https:\/\/www.ayuntamientodeharia.com\/haria\/wp-json\/wp\/v2\/posts\/30912\/revisions"}],"predecessor-version":[{"id":30913,"href":"https:\/\/www.ayuntamientodeharia.com\/haria\/wp-json\/wp\/v2\/posts\/30912\/revisions\/30913"}],"wp:featuredmedia":[{"embeddable":true,"href":"https:\/\/www.ayuntamientodeharia.com\/haria\/wp-json\/wp\/v2\/media\/30898"}],"wp:attachment":[{"href":"https:\/\/www.ayuntamientodeharia.com\/haria\/wp-json\/wp\/v2\/media?parent=30912"}],"wp:term":[{"taxonomy":"category","embeddable":true,"href":"https:\/\/www.ayuntamientodeharia.com\/haria\/wp-json\/wp\/v2\/categories?post=30912"},{"taxonomy":"post_tag","embeddable":true,"href":"https:\/\/www.ayuntamientodeharia.com\/haria\/wp-json\/wp\/v2\/tags?post=30912"}],"curies":[{"name":"wp","href":"https:\/\/api.w.org\/{rel}","templated":true}]}}