{"id":30866,"date":"2024-06-07T12:45:13","date_gmt":"2024-06-07T11:45:13","guid":{"rendered":"https:\/\/www.ayuntamientodeharia.com\/haria\/?p=30866"},"modified":"2024-06-07T12:45:13","modified_gmt":"2024-06-07T11:45:13","slug":"jose-perez-dorta-sera-el-pregonero-de-las-fiestas-patronales-de-san-juan-bautista-2024","status":"publish","type":"post","link":"https:\/\/www.ayuntamientodeharia.com\/haria\/jose-perez-dorta-sera-el-pregonero-de-las-fiestas-patronales-de-san-juan-bautista-2024\/","title":{"rendered":"Jos\u00e9 P\u00e9rez Dorta ser\u00e1 el pregonero de las \u2018Fiestas Patronales de San Juan Bautista 2024\u2019"},"content":{"rendered":"<p><span style=\"font-weight: 400;\">Har\u00eda dar\u00e1 comienzo a las tradicionales Fiestas Patronales de San Juan Bautista 2024 con la lectura del preg\u00f3n, a cargo de Jose P\u00e9rez Dorta, que fue primer teniente de alcalde entre los a\u00f1os 2015 y 2019. El acto, que tendr\u00e1 lugar este viernes, d\u00eda 7 de junio, en el Centro Sociocultural La Tegala, a las 21.00 horas, contar\u00e1 con la actuaci\u00f3n musical del tr\u00edo formado por Javier Infante, Alexis Lemes y Javier Colina.<\/span><\/p>\n<p><span style=\"font-weight: 400;\">Jos\u00e9 P\u00e9rez Dorta, nacido el 12 de octubre de 1960 en Santa Cruz de La Palma, se traslad\u00f3 a Har\u00eda siendo muy peque\u00f1o y convirti\u00f3 este municipio en su hogar. Ha pasado su vida adulta demostrando una gran vinculaci\u00f3n y arraigo en Har\u00eda. Su compromiso con la comunidad lo llev\u00f3 a involucrarse en la pol\u00edtica local, desempe\u00f1ando el papel de primer teniente de alcalde entre 2015 y 2019. Tras su mandato, continu\u00f3 ligado a los movimientos sociales y vecinales de nuestro municipio.<\/span><\/p>\n<p><span style=\"font-weight: 400;\">Adem\u00e1s de su carrera pol\u00edtica, Jos\u00e9 P\u00e9rez Dorta ha mostrado una gran implicaci\u00f3n en el sector primario. Fue uno de los responsables de la finca de Los Lajares, ubicada cerca del volc\u00e1n de La Corona.<\/span><\/p>\n<p><span style=\"font-weight: 400;\">Por todas estas vinculaciones con la historia de Har\u00eda ser\u00e1 el encargado de la lectura del preg\u00f3n y de anunciar la nueva edici\u00f3n de las Fiestas Patronales de San Juan Bautista, tan significativas y con gran arraigo en el municipio.<\/span><\/p>\n","protected":false},"excerpt":{"rendered":"<p>Har\u00eda dar\u00e1 comienzo a las tradicionales Fiestas Patronales de San Juan Bautista 2024 con la lectura del preg\u00f3n, a cargo de Jose P\u00e9rez Dorta, que fue primer teniente de alcalde entre los a\u00f1os 2015 y 2019. El acto, que tendr\u00e1 lugar este viernes, d\u00eda 7 de junio, en el Centro Sociocultural La Tegala, a las [&hellip;]<\/p>\n","protected":false},"author":13,"featured_media":30867,"comment_status":"closed","ping_status":"closed","sticky":false,"template":"","format":"standard","meta":{"footnotes":""},"categories":[425,15],"tags":[],"class_list":["post-30866","post","type-post","status-publish","format-standard","has-post-thumbnail","hentry","category-destacado","category-festejos"],"_links":{"self":[{"href":"https:\/\/www.ayuntamientodeharia.com\/haria\/wp-json\/wp\/v2\/posts\/30866","targetHints":{"allow":["GET"]}}],"collection":[{"href":"https:\/\/www.ayuntamientodeharia.com\/haria\/wp-json\/wp\/v2\/posts"}],"about":[{"href":"https:\/\/www.ayuntamientodeharia.com\/haria\/wp-json\/wp\/v2\/types\/post"}],"author":[{"embeddable":true,"href":"https:\/\/www.ayuntamientodeharia.com\/haria\/wp-json\/wp\/v2\/users\/13"}],"replies":[{"embeddable":true,"href":"https:\/\/www.ayuntamientodeharia.com\/haria\/wp-json\/wp\/v2\/comments?post=30866"}],"version-history":[{"count":1,"href":"https:\/\/www.ayuntamientodeharia.com\/haria\/wp-json\/wp\/v2\/posts\/30866\/revisions"}],"predecessor-version":[{"id":30868,"href":"https:\/\/www.ayuntamientodeharia.com\/haria\/wp-json\/wp\/v2\/posts\/30866\/revisions\/30868"}],"wp:featuredmedia":[{"embeddable":true,"href":"https:\/\/www.ayuntamientodeharia.com\/haria\/wp-json\/wp\/v2\/media\/30867"}],"wp:attachment":[{"href":"https:\/\/www.ayuntamientodeharia.com\/haria\/wp-json\/wp\/v2\/media?parent=30866"}],"wp:term":[{"taxonomy":"category","embeddable":true,"href":"https:\/\/www.ayuntamientodeharia.com\/haria\/wp-json\/wp\/v2\/categories?post=30866"},{"taxonomy":"post_tag","embeddable":true,"href":"https:\/\/www.ayuntamientodeharia.com\/haria\/wp-json\/wp\/v2\/tags?post=30866"}],"curies":[{"name":"wp","href":"https:\/\/api.w.org\/{rel}","templated":true}]}}