{"id":30702,"date":"2024-05-17T12:00:25","date_gmt":"2024-05-17T11:00:25","guid":{"rendered":"https:\/\/www.ayuntamientodeharia.com\/haria\/?p=30702"},"modified":"2024-05-22T14:28:59","modified_gmt":"2024-05-22T13:28:59","slug":"semana-cultura-200-anos-de-historia","status":"publish","type":"post","link":"https:\/\/www.ayuntamientodeharia.com\/haria\/semana-cultura-200-anos-de-historia\/","title":{"rendered":"Semana cultura , 200 a\u00f1os de historia"},"content":{"rendered":"<p style=\"text-align: left;\"><span style=\"font-size: 12pt;\">Con motivo de la conmemoraci\u00f3n de la llegada de la cochinilla a Canarias, el Ayuntamiento de Har\u00eda en colaboraci\u00f3n con la Asociaci\u00f3n, Cultural, Social, Patrimonial y Agr\u00edcola Milana presenta\u00a0 la\u00a0 semana cultural del 23 al 25 de mayo.\u00a0<\/span><\/p>\n<p style=\"text-align: left;\"><span style=\"font-size: 12pt;\">Este evento tendr\u00e1 lugar durante toda la semana en el Centro Sociocultural La Tegala Har\u00eda. Donde se desarrollar\u00e1 diversos talleres, conferencias, entre otras actividades, y se clausurar\u00e1 con una degustaci\u00f3n gastron\u00f3mica.<\/span><\/p>\n<p style=\"text-align: left;\">\n<p style=\"text-align: left;\"><span style=\"font-size: 14pt;\"><strong>PROGRAMA<\/strong><\/span><\/p>\n<p style=\"text-align: left;\"><strong><span style=\"font-size: 12pt;\">JUEVES, 23 DE MAYO<\/span><\/strong><\/p>\n<p style=\"text-align: left;\"><span style=\"font-size: 12pt;\">8:30 h<\/span><\/p>\n<h2 style=\"text-align: left;\"><span style=\"font-size: 12pt;\">CONFERENCIA<\/span><\/h2>\n<p style=\"text-align: left;\"><span style=\"font-size: 12pt;\">Producci\u00f3n de biohumus l\u00edquido a partir de residuos de tunera.<\/span><\/p>\n<p><span style=\"font-size: 12pt;\">Manuel Blasco. Catedr\u00e1tico de Biolog\u00eda de la Universidad<\/span><\/p>\n<p style=\"text-align: left;\"><span style=\"font-size: 12pt;\">de Extremadura.<\/span><\/p>\n<p style=\"text-align: left;\"><span style=\"font-size: 12pt;\">Actividad concertada para el alumnado el IES Teguise.<\/span><\/p>\n<p style=\"text-align: left;\"><span style=\"font-size: 12pt;\">9:30 h<\/span><\/p>\n<h2 style=\"text-align: left;\"><span style=\"font-size: 12pt;\">PRESENTACI\u00d3N<\/span><\/h2>\n<ul style=\"text-align: left;\">\n<li><span style=\"font-size: 12pt;\">Aroa Consejera del \u00c1rea de Artesan\u00eda del Cabildo de Lanzarote.<\/span><\/li>\n<li><span style=\"font-size: 12pt;\">Alfredo Villalba. Alcalde del Ayuntamiento de Har\u00eda.<\/span><\/li>\n<\/ul>\n<p style=\"text-align: left;\"><span style=\"font-size: 12pt;\"><br \/>\n<strong>VIERNES, 24 DE MAYO<\/strong><\/span><\/p>\n<p style=\"text-align: left;\"><span style=\"font-size: 12pt;\">17:30 h<\/span><\/p>\n<h2 style=\"text-align: left;\"><span style=\"font-size: 12pt;\">TALLER<\/span><\/h2>\n<p style=\"text-align: left;\"><span style=\"font-size: 12pt;\">Taller de pintura, acuarelas con tinte de cochinilla de Lanzarote.<\/span><\/p>\n<p style=\"text-align: left;\"><span style=\"font-size: 12pt;\">19:00 h<\/span><\/p>\n<p style=\"text-align: left;\"><span style=\"font-size: 12pt;\">DESFILE DE MODA<\/span><\/p>\n<p style=\"text-align: left;\"><span style=\"font-size: 12pt;\">Plaza de Har\u00eda<\/span><\/p>\n<p style=\"text-align: left;\"><span style=\"font-size: 12pt;\">Desfile \u201cLa cochinilla, esencia de una colecci\u00f3n renovada\u201d<\/span><\/p>\n<p><span style=\"font-size: 12pt;\">Con la participaci\u00f3n especial de la Escuela de danza Bailame y del CIEM de<\/p>\n<p><\/span><\/p>\n<p style=\"text-align: left;\"><strong><span style=\"font-size: 12pt;\">S\u00c1BADO, 25 DE MAYO<\/span><\/strong><\/p>\n<p style=\"text-align: left;\"><span style=\"font-size: 12pt;\">10:15 h<\/span><\/p>\n<h2 style=\"text-align: left;\"><span style=\"font-size: 12pt;\">TALLER<\/span><\/h2>\n<p style=\"text-align: left;\"><span style=\"font-size: 12pt;\">Taller de tintado y estampaci\u00f3n con cochinilla de Lanzarote<\/span><\/p>\n<ul style=\"text-align: left;\">\n<li><span style=\"font-size: 12pt;\">Juan Bi\u00f3logo.<\/span><\/li>\n<li><span style=\"font-size: 12pt;\">Jes\u00fas M\u00aa P\u00e9rez Gal\u00e1n. Docente de Textiles Art\u00edsticos de la Escuela de Arte Pancho<\/span><\/li>\n<\/ul>\n<p style=\"text-align: left;\"><span style=\"font-size: 12pt;\">11:30 h<\/span><\/p>\n<h2 style=\"text-align: left;\"><span style=\"font-size: 12pt;\">CONFERENCIA<\/span><\/h2>\n<p style=\"text-align: left;\"><span style=\"font-size: 12pt;\">Tunera y cochinilla un futuro irrenunciable para la isla de Lanzarote.<\/span><\/p>\n<ul style=\"text-align: left;\">\n<li><span style=\"font-size: 12pt;\">Manuel Blasco. Catedr\u00e1tico de Biolog\u00eda de la Universidad<\/span><\/li>\n<\/ul>\n<p style=\"text-align: left;\"><span style=\"font-size: 12pt;\">de Extremadura.<\/span><\/p>\n<p style=\"text-align: left;\">\n<p style=\"text-align: left;\"><span style=\"font-size: 12pt;\">13:15 h<\/span><\/p>\n<h2 style=\"text-align: left;\"><span style=\"font-size: 12pt;\">CLAUSURA<\/span><\/h2>\n<p style=\"text-align: left;\"><span style=\"font-size: 12pt;\">13:30 h<\/span><\/p>\n<h2 style=\"text-align: left;\"><span style=\"font-size: 12pt;\">DEGUSTACI\u00d3N<\/span><\/h2>\n<p style=\"text-align: left;\"><span style=\"font-size: 12pt;\">Degustaci\u00f3n gastron\u00f3mica elaborada con tunera, alimento multiprop\u00f3sito.<\/span><\/p>\n<p><span style=\"font-size: 12pt;\">Olivia Alcaldesa del Ayuntamiento de Teguise.<\/span><\/p>\n<p><span style=\"font-size: 12pt;\">Sebastiana Perera Presidenta de la Asociaci\u00f3n Milana.<\/span><\/p>\n<p style=\"text-align: left;\">\n<p style=\"text-align: left;\"><span style=\"font-size: 12pt;\">EXPOSICI\u00d3N DE ELEMENTOS ELABORADOS CON COCHINILLA DE LANZAROTE<\/span><\/p>\n<p style=\"text-align: left;\"><span style=\"font-size: 12pt;\">23 y 25 de mayo de 10:00 a 14:00 h<\/span><\/p>\n<p style=\"text-align: left;\"><span style=\"font-size: 12pt;\">24 de 10:00 a 14:00 y de 17:00 a 20:00 h<\/span><\/p>\n<p style=\"text-align: left;\"><span style=\"font-size: 12pt;\">Visitas guiadas concertadas para los Centros Educativos del Municipio de Haria.<\/span><\/p>\n","protected":false},"excerpt":{"rendered":"<p>Con motivo de la conmemoraci\u00f3n de la llegada de la cochinilla a Canarias, el Ayuntamiento de Har\u00eda en colaboraci\u00f3n con la Asociaci\u00f3n, Cultural, Social, Patrimonial y Agr\u00edcola Milana presenta\u00a0 la\u00a0 semana cultural del 23 al 25 de mayo.\u00a0 Este evento tendr\u00e1 lugar durante toda la semana en el Centro Sociocultural La Tegala Har\u00eda. Donde se [&hellip;]<\/p>\n","protected":false},"author":13,"featured_media":30694,"comment_status":"closed","ping_status":"closed","sticky":false,"template":"","format":"standard","meta":{"footnotes":""},"categories":[16,425],"tags":[],"class_list":["post-30702","post","type-post","status-publish","format-standard","has-post-thumbnail","hentry","category-cultura","category-destacado"],"_links":{"self":[{"href":"https:\/\/www.ayuntamientodeharia.com\/haria\/wp-json\/wp\/v2\/posts\/30702","targetHints":{"allow":["GET"]}}],"collection":[{"href":"https:\/\/www.ayuntamientodeharia.com\/haria\/wp-json\/wp\/v2\/posts"}],"about":[{"href":"https:\/\/www.ayuntamientodeharia.com\/haria\/wp-json\/wp\/v2\/types\/post"}],"author":[{"embeddable":true,"href":"https:\/\/www.ayuntamientodeharia.com\/haria\/wp-json\/wp\/v2\/users\/13"}],"replies":[{"embeddable":true,"href":"https:\/\/www.ayuntamientodeharia.com\/haria\/wp-json\/wp\/v2\/comments?post=30702"}],"version-history":[{"count":3,"href":"https:\/\/www.ayuntamientodeharia.com\/haria\/wp-json\/wp\/v2\/posts\/30702\/revisions"}],"predecessor-version":[{"id":30739,"href":"https:\/\/www.ayuntamientodeharia.com\/haria\/wp-json\/wp\/v2\/posts\/30702\/revisions\/30739"}],"wp:featuredmedia":[{"embeddable":true,"href":"https:\/\/www.ayuntamientodeharia.com\/haria\/wp-json\/wp\/v2\/media\/30694"}],"wp:attachment":[{"href":"https:\/\/www.ayuntamientodeharia.com\/haria\/wp-json\/wp\/v2\/media?parent=30702"}],"wp:term":[{"taxonomy":"category","embeddable":true,"href":"https:\/\/www.ayuntamientodeharia.com\/haria\/wp-json\/wp\/v2\/categories?post=30702"},{"taxonomy":"post_tag","embeddable":true,"href":"https:\/\/www.ayuntamientodeharia.com\/haria\/wp-json\/wp\/v2\/tags?post=30702"}],"curies":[{"name":"wp","href":"https:\/\/api.w.org\/{rel}","templated":true}]}}