{"id":30698,"date":"2024-05-17T11:57:09","date_gmt":"2024-05-17T10:57:09","guid":{"rendered":"https:\/\/www.ayuntamientodeharia.com\/haria\/?p=30698"},"modified":"2024-05-17T11:57:09","modified_gmt":"2024-05-17T10:57:09","slug":"haria-es-eterna","status":"publish","type":"post","link":"https:\/\/www.ayuntamientodeharia.com\/haria\/haria-es-eterna\/","title":{"rendered":"Har\u00eda es eterna"},"content":{"rendered":"<p><span style=\"font-weight: 400;\">Sobrepasa los l\u00edmites de lo l\u00f3gicamente majestuoso, lugar de naturaleza salvaje y plena, kil\u00f3metros de vida y paz, sombra inmensa proyectada en sus aguas fruto del sol naciente, emocionante camino que cruza el r\u00edo lleno de historias de dramas, cuentos y una corona por testigo. Hogar de descanso del artesano m\u00e1s ilustre que nutre la tierra con savia nueva para mantener intacto el testimonio de su legado.<\/span><\/p>\n<p><span style=\"font-weight: 400;\">Emociona la intensidad de sus atardeceres rojizos, envuelta de mel\u00f3dica festividad de palmeras al viento y el recorte risquero sobre un cielo siempre limpio, siempre fresco, ese lugar es el refugio de los recuerdos m\u00e1s pl\u00e1cidos de mi vida, y de los m\u00e1s tristes. Ese rinc\u00f3n nunca decepciona.<\/span><\/p>\n<p><span style=\"font-weight: 400;\">En el alto aborigen los ojos de mi gu\u00eda, de mi fiel amigo, me miran sin entender ni comprender c\u00f3mo en tan poco espacio hay tanta creatividad natural junta, sin entender de despedidas ni de bienvenidas, sin comprender de la naturaleza humana, pues cuando te asomas a su balc\u00f3n nada tiene sentido, nada salvo su enorme belleza, su enorme capacidad de asombrarnos y de hacer que cada amanecer o atardecer sea totalmente distinto al anterior, y es que, la grandeza de este oasis atl\u00e1ntico es precisamente su originalidad natural, su geograf\u00eda singular, su conexi\u00f3n de arena, mar, risco y volc\u00e1n.<\/span><\/p>\n<p><span style=\"font-weight: 400;\">La fuerza que este lugar transmite es tan magn\u00e9tica que atrae de buen agrado a los for\u00e1neos como yo, es ese tipo de lugar donde lo humano y el medio se funden sin la menor discrepancia, lo natural reina, gobierna la calma y el \u00fanico ministerio sagrado posible es el descanso perpetuo entre senderos que solo demuestran vida y gratitud.<\/span><\/p>\n<p><span style=\"font-weight: 400;\">Como lugar \u00fanico el misterio tambi\u00e9n habita y anda por cada calle, por cada pueblo, en cada esquina que rezuma historia de un tiempo atr\u00e1s que lucha por quedarse perenne, por permanecer entre nosotros; sus costumbres y tradiciones se manifiestan y se reflejan en caras aut\u00f3ctonas, instituciones humanas transmisoras de ese tiempo de valor incalculable, pues Har\u00eda es todo y sin ellos, nada. No se puede entender este rinc\u00f3n sin cada arruga que surca la piel de quienes hablan por ella. Por eso, Har\u00eda, como mi fiel amigo, es eterna.<\/span><\/p>\n<p><span style=\"font-weight: 400;\">Joel Delgado- Ganador de la categor\u00eda Adulta<\/span><\/p>\n","protected":false},"excerpt":{"rendered":"<p>Sobrepasa los l\u00edmites de lo l\u00f3gicamente majestuoso, lugar de naturaleza salvaje y plena, kil\u00f3metros de vida y paz, sombra inmensa proyectada en sus aguas fruto del sol naciente, emocionante camino que cruza el r\u00edo lleno de historias de dramas, cuentos y una corona por testigo. Hogar de descanso del artesano m\u00e1s ilustre que nutre la [&hellip;]<\/p>\n","protected":false},"author":13,"featured_media":30693,"comment_status":"closed","ping_status":"closed","sticky":false,"template":"","format":"standard","meta":{"footnotes":""},"categories":[16,81],"tags":[],"class_list":["post-30698","post","type-post","status-publish","format-standard","has-post-thumbnail","hentry","category-cultura","category-municipio"],"_links":{"self":[{"href":"https:\/\/www.ayuntamientodeharia.com\/haria\/wp-json\/wp\/v2\/posts\/30698","targetHints":{"allow":["GET"]}}],"collection":[{"href":"https:\/\/www.ayuntamientodeharia.com\/haria\/wp-json\/wp\/v2\/posts"}],"about":[{"href":"https:\/\/www.ayuntamientodeharia.com\/haria\/wp-json\/wp\/v2\/types\/post"}],"author":[{"embeddable":true,"href":"https:\/\/www.ayuntamientodeharia.com\/haria\/wp-json\/wp\/v2\/users\/13"}],"replies":[{"embeddable":true,"href":"https:\/\/www.ayuntamientodeharia.com\/haria\/wp-json\/wp\/v2\/comments?post=30698"}],"version-history":[{"count":1,"href":"https:\/\/www.ayuntamientodeharia.com\/haria\/wp-json\/wp\/v2\/posts\/30698\/revisions"}],"predecessor-version":[{"id":30699,"href":"https:\/\/www.ayuntamientodeharia.com\/haria\/wp-json\/wp\/v2\/posts\/30698\/revisions\/30699"}],"wp:featuredmedia":[{"embeddable":true,"href":"https:\/\/www.ayuntamientodeharia.com\/haria\/wp-json\/wp\/v2\/media\/30693"}],"wp:attachment":[{"href":"https:\/\/www.ayuntamientodeharia.com\/haria\/wp-json\/wp\/v2\/media?parent=30698"}],"wp:term":[{"taxonomy":"category","embeddable":true,"href":"https:\/\/www.ayuntamientodeharia.com\/haria\/wp-json\/wp\/v2\/categories?post=30698"},{"taxonomy":"post_tag","embeddable":true,"href":"https:\/\/www.ayuntamientodeharia.com\/haria\/wp-json\/wp\/v2\/tags?post=30698"}],"curies":[{"name":"wp","href":"https:\/\/api.w.org\/{rel}","templated":true}]}}