{"id":3042,"date":"2015-11-27T14:54:15","date_gmt":"2015-11-27T14:54:15","guid":{"rendered":"http:\/\/www.ayuntamientodeharia.com\/haria\/?p=3042"},"modified":"2015-11-27T14:54:15","modified_gmt":"2015-11-27T14:54:15","slug":"haria-se-suma-a-los-actos-en-contra-de-la-violencia-de-genero-3","status":"publish","type":"post","link":"https:\/\/www.ayuntamientodeharia.com\/haria\/haria-se-suma-a-los-actos-en-contra-de-la-violencia-de-genero-3\/","title":{"rendered":"Har\u00eda se suma a los actos en contra de la violencia de g\u00e9nero"},"content":{"rendered":"<p><a href=\"http:\/\/www.ayuntamientodeharia.com\/haria\/wp-content\/uploads\/2015\/11\/acto-violencia-genero.jpg\"><img fetchpriority=\"high\" decoding=\"async\" class=\"alignleft size-medium wp-image-3002\" src=\"http:\/\/www.ayuntamientodeharia.com\/haria\/wp-content\/uploads\/2015\/11\/acto-violencia-genero-300x187.jpg\" alt=\"acto violencia genero\" width=\"300\" height=\"187\" srcset=\"https:\/\/www.ayuntamientodeharia.com\/haria\/wp-content\/uploads\/2015\/11\/acto-violencia-genero-300x187.jpg 300w, https:\/\/www.ayuntamientodeharia.com\/haria\/wp-content\/uploads\/2015\/11\/acto-violencia-genero.jpg 760w\" sizes=\"(max-width: 300px) 100vw, 300px\" \/><\/a>Con motivo del D\u00eda internacional contra la Violencia de G\u00e9nero, celebrado el mi\u00e9rcoles, 25 de noviembre, el Ayuntamiento de Har\u00eda, a trav\u00e9s de la Concejal\u00eda de Igualdad, coordinada por Mar\u00eda Auxiliadora Fern\u00e1ndez, rindi\u00f3 un emotivo homenaje a las 48 v\u00edctimas de violencia de g\u00e9nero de este a\u00f1o mediante la lectura del manifiesto y un minuto de silencio en la puerta del Consistorio.<\/p>\n","protected":false},"excerpt":{"rendered":"<p>Con motivo del D\u00eda internacional contra la Violencia de G\u00e9nero, celebrado el mi\u00e9rcoles, 25 de noviembre, el Ayuntamiento de Har\u00eda, a trav\u00e9s de la Concejal\u00eda de Igualdad, coordinada por Mar\u00eda Auxiliadora Fern\u00e1ndez, rindi\u00f3 un emotivo homenaje a las 48 v\u00edctimas de violencia de g\u00e9nero de este a\u00f1o mediante la lectura del manifiesto y un minuto [&hellip;]<\/p>\n","protected":false},"author":2,"featured_media":0,"comment_status":"closed","ping_status":"closed","sticky":false,"template":"","format":"standard","meta":{"footnotes":""},"categories":[11,30],"tags":[],"class_list":["post-3042","post","type-post","status-publish","format-standard","hentry","category-hoja-de-haria","category-igualdad"],"_links":{"self":[{"href":"https:\/\/www.ayuntamientodeharia.com\/haria\/wp-json\/wp\/v2\/posts\/3042","targetHints":{"allow":["GET"]}}],"collection":[{"href":"https:\/\/www.ayuntamientodeharia.com\/haria\/wp-json\/wp\/v2\/posts"}],"about":[{"href":"https:\/\/www.ayuntamientodeharia.com\/haria\/wp-json\/wp\/v2\/types\/post"}],"author":[{"embeddable":true,"href":"https:\/\/www.ayuntamientodeharia.com\/haria\/wp-json\/wp\/v2\/users\/2"}],"replies":[{"embeddable":true,"href":"https:\/\/www.ayuntamientodeharia.com\/haria\/wp-json\/wp\/v2\/comments?post=3042"}],"version-history":[{"count":0,"href":"https:\/\/www.ayuntamientodeharia.com\/haria\/wp-json\/wp\/v2\/posts\/3042\/revisions"}],"wp:attachment":[{"href":"https:\/\/www.ayuntamientodeharia.com\/haria\/wp-json\/wp\/v2\/media?parent=3042"}],"wp:term":[{"taxonomy":"category","embeddable":true,"href":"https:\/\/www.ayuntamientodeharia.com\/haria\/wp-json\/wp\/v2\/categories?post=3042"},{"taxonomy":"post_tag","embeddable":true,"href":"https:\/\/www.ayuntamientodeharia.com\/haria\/wp-json\/wp\/v2\/tags?post=3042"}],"curies":[{"name":"wp","href":"https:\/\/api.w.org\/{rel}","templated":true}]}}