{"id":3035,"date":"2015-11-27T14:51:09","date_gmt":"2015-11-27T14:51:09","guid":{"rendered":"http:\/\/www.ayuntamientodeharia.com\/haria\/?p=3035"},"modified":"2015-11-27T14:51:09","modified_gmt":"2015-11-27T14:51:09","slug":"se-abre-el-plazo-para-solicitar-un-puesto-en-el-rastro-joven-de-navidad-2","status":"publish","type":"post","link":"https:\/\/www.ayuntamientodeharia.com\/haria\/se-abre-el-plazo-para-solicitar-un-puesto-en-el-rastro-joven-de-navidad-2\/","title":{"rendered":"Se abre el plazo para solicitar un puesto en el Rastro Joven de Navidad"},"content":{"rendered":"<p><a href=\"http:\/\/www.ayuntamientodeharia.com\/haria\/wp-content\/uploads\/2015\/11\/rastro.jpg\"><img fetchpriority=\"high\" decoding=\"async\" class=\"alignleft size-medium wp-image-3007\" src=\"http:\/\/www.ayuntamientodeharia.com\/haria\/wp-content\/uploads\/2015\/11\/rastro-300x200.jpg\" alt=\"rastro\" width=\"300\" height=\"200\" srcset=\"https:\/\/www.ayuntamientodeharia.com\/haria\/wp-content\/uploads\/2015\/11\/rastro-300x200.jpg 300w, https:\/\/www.ayuntamientodeharia.com\/haria\/wp-content\/uploads\/2015\/11\/rastro-1024x683.jpg 1024w, https:\/\/www.ayuntamientodeharia.com\/haria\/wp-content\/uploads\/2015\/11\/rastro.jpg 1079w\" sizes=\"(max-width: 300px) 100vw, 300px\" \/><\/a>Por octavo a\u00f1o consecutivo, el Ayuntamiento de Har\u00eda vuelve a poner en marcha el Rastro Joven de Navidad, que se desarrollar\u00e1 del 2 al 4 de enero de 2015 en la Plaza de Har\u00eda. Las personas interesadas en solicitar un puesto deber\u00e1n tener entre 16 y 35 a\u00f1os y vender art\u00edculos de segunda mano, tales como libros, c\u00f3mics, revistas, pel\u00edculas, v\u00eddeos, discos y similares, adem\u00e1s de juegos y art\u00edculos inform\u00e1ticos, ropa, antig\u00fcedades, cuadros y pinturas, coleccionables, herramientas, maquinaria de peque\u00f1a entidad, fotograf\u00eda, cer\u00e1mica y art\u00edculos de artesan\u00eda.<\/p>\n<p>&nbsp;<\/p>\n<p>Las solicitudes, que deber\u00e1n presentarse en el Registro General del Consistorio antes del lunes, 29 de diciembre, deben ir acompa\u00f1adas de dos fotograf\u00edas, tama\u00f1o carn\u00e9, del solicitante y el ayudante, as\u00ed como de varias im\u00e1genes de los art\u00edculos que vayan a poner a la venta. El impreso de solicitud se puede descargar accediendo a la web www.juventudharia.com, donde podr\u00e1n encontrar adem\u00e1s toda la informaci\u00f3n relativa al Rastro Joven de Navidad.<\/p>\n","protected":false},"excerpt":{"rendered":"<p>Por octavo a\u00f1o consecutivo, el Ayuntamiento de Har\u00eda vuelve a poner en marcha el Rastro Joven de Navidad, que se desarrollar\u00e1 del 2 al 4 de enero de 2015 en la Plaza de Har\u00eda. Las personas interesadas en solicitar un puesto deber\u00e1n tener entre 16 y 35 a\u00f1os y vender art\u00edculos de segunda mano, tales [&hellip;]<\/p>\n","protected":false},"author":2,"featured_media":0,"comment_status":"closed","ping_status":"closed","sticky":false,"template":"","format":"standard","meta":{"footnotes":""},"categories":[11,25],"tags":[],"class_list":["post-3035","post","type-post","status-publish","format-standard","hentry","category-hoja-de-haria","category-juventud"],"_links":{"self":[{"href":"https:\/\/www.ayuntamientodeharia.com\/haria\/wp-json\/wp\/v2\/posts\/3035","targetHints":{"allow":["GET"]}}],"collection":[{"href":"https:\/\/www.ayuntamientodeharia.com\/haria\/wp-json\/wp\/v2\/posts"}],"about":[{"href":"https:\/\/www.ayuntamientodeharia.com\/haria\/wp-json\/wp\/v2\/types\/post"}],"author":[{"embeddable":true,"href":"https:\/\/www.ayuntamientodeharia.com\/haria\/wp-json\/wp\/v2\/users\/2"}],"replies":[{"embeddable":true,"href":"https:\/\/www.ayuntamientodeharia.com\/haria\/wp-json\/wp\/v2\/comments?post=3035"}],"version-history":[{"count":0,"href":"https:\/\/www.ayuntamientodeharia.com\/haria\/wp-json\/wp\/v2\/posts\/3035\/revisions"}],"wp:attachment":[{"href":"https:\/\/www.ayuntamientodeharia.com\/haria\/wp-json\/wp\/v2\/media?parent=3035"}],"wp:term":[{"taxonomy":"category","embeddable":true,"href":"https:\/\/www.ayuntamientodeharia.com\/haria\/wp-json\/wp\/v2\/categories?post=3035"},{"taxonomy":"post_tag","embeddable":true,"href":"https:\/\/www.ayuntamientodeharia.com\/haria\/wp-json\/wp\/v2\/tags?post=3035"}],"curies":[{"name":"wp","href":"https:\/\/api.w.org\/{rel}","templated":true}]}}