{"id":3025,"date":"2015-11-27T14:33:00","date_gmt":"2015-11-27T14:33:00","guid":{"rendered":"http:\/\/www.ayuntamientodeharia.com\/haria\/?p=3025"},"modified":"2015-11-27T14:33:00","modified_gmt":"2015-11-27T14:33:00","slug":"se-pide-la-colaboracion-de-los-vecinos-para-decorar-la-plaza-de-haria-por-navidad","status":"publish","type":"post","link":"https:\/\/www.ayuntamientodeharia.com\/haria\/se-pide-la-colaboracion-de-los-vecinos-para-decorar-la-plaza-de-haria-por-navidad\/","title":{"rendered":"Se pide la colaboraci\u00f3n de los vecinos para decorar la Plaza de Har\u00eda por Navidad"},"content":{"rendered":"<p>Con motivo de la celebraci\u00f3n de las Fiestas de Navidad y Reyes la Concejal\u00eda de Cultura, coordinada por Jos\u00e9 P\u00e9rez Dorta, anima a los ni\u00f1os y ni\u00f1as en particular as\u00ed como a todos los vecinos y vecinas en general del municipio a colaborar en la decoraci\u00f3n de la Plaza de Har\u00eda.<\/p>\n<p>&nbsp;<\/p>\n<p>Las personas o asociaciones interesadas en participar deber\u00e1n entregar el objeto decorativo en el Departamento de Cultura o acudir el 11 de diciembre a partir de las 17:00h. a la Plaza de Har\u00eda. Al finalizar la decoraci\u00f3n se invitar\u00e1 a los asistentes a una merienda.<\/p>\n","protected":false},"excerpt":{"rendered":"<p>Con motivo de la celebraci\u00f3n de las Fiestas de Navidad y Reyes la Concejal\u00eda de Cultura, coordinada por Jos\u00e9 P\u00e9rez Dorta, anima a los ni\u00f1os y ni\u00f1as en particular as\u00ed como a todos los vecinos y vecinas en general del municipio a colaborar en la decoraci\u00f3n de la Plaza de Har\u00eda. &nbsp; Las personas o [&hellip;]<\/p>\n","protected":false},"author":2,"featured_media":0,"comment_status":"closed","ping_status":"closed","sticky":false,"template":"","format":"standard","meta":{"footnotes":""},"categories":[32,11],"tags":[],"class_list":["post-3025","post","type-post","status-publish","format-standard","hentry","category-anuncios","category-hoja-de-haria"],"_links":{"self":[{"href":"https:\/\/www.ayuntamientodeharia.com\/haria\/wp-json\/wp\/v2\/posts\/3025","targetHints":{"allow":["GET"]}}],"collection":[{"href":"https:\/\/www.ayuntamientodeharia.com\/haria\/wp-json\/wp\/v2\/posts"}],"about":[{"href":"https:\/\/www.ayuntamientodeharia.com\/haria\/wp-json\/wp\/v2\/types\/post"}],"author":[{"embeddable":true,"href":"https:\/\/www.ayuntamientodeharia.com\/haria\/wp-json\/wp\/v2\/users\/2"}],"replies":[{"embeddable":true,"href":"https:\/\/www.ayuntamientodeharia.com\/haria\/wp-json\/wp\/v2\/comments?post=3025"}],"version-history":[{"count":0,"href":"https:\/\/www.ayuntamientodeharia.com\/haria\/wp-json\/wp\/v2\/posts\/3025\/revisions"}],"wp:attachment":[{"href":"https:\/\/www.ayuntamientodeharia.com\/haria\/wp-json\/wp\/v2\/media?parent=3025"}],"wp:term":[{"taxonomy":"category","embeddable":true,"href":"https:\/\/www.ayuntamientodeharia.com\/haria\/wp-json\/wp\/v2\/categories?post=3025"},{"taxonomy":"post_tag","embeddable":true,"href":"https:\/\/www.ayuntamientodeharia.com\/haria\/wp-json\/wp\/v2\/tags?post=3025"}],"curies":[{"name":"wp","href":"https:\/\/api.w.org\/{rel}","templated":true}]}}