{"id":3021,"date":"2015-11-27T14:28:06","date_gmt":"2015-11-27T14:28:06","guid":{"rendered":"http:\/\/www.ayuntamientodeharia.com\/haria\/?p=3021"},"modified":"2015-11-27T14:28:06","modified_gmt":"2015-11-27T14:28:06","slug":"la-milana-organiza-talleres-de-telar-de-pared-y-aplicacion-de-la-cochinilla","status":"publish","type":"post","link":"https:\/\/www.ayuntamientodeharia.com\/haria\/la-milana-organiza-talleres-de-telar-de-pared-y-aplicacion-de-la-cochinilla\/","title":{"rendered":"La Milana organiza talleres de telar de pared y aplicaci\u00f3n de la cochinilla"},"content":{"rendered":"<p>La Asociaci\u00f3n Cultural, Social, Patrimonial y Agr\u00edcola La Milana pone en marcha los talleres \u2018Telar de Pared\u2019 y \u2018Aplicaci\u00f3n de la Cochinilla\u2019, en base al convenio de colaboraci\u00f3n establecido con el Servicio Canario de Empleo.<\/p>\n<p>&nbsp;<\/p>\n<p>Ambos talleres, que tendr\u00e1n una duraci\u00f3n de cinco meses, se impartir\u00e1n a partir del mi\u00e9rcoles, 2 de diciembre, de 9:00 a 11:00 horas y de 11:00 a 13:00 horas, respectivamente, en las instalaciones de la Asociaci\u00f3n, sita en la calle Villanueva 8 del pueblo de Mala, junto al colegio.<\/p>\n<p>&nbsp;<\/p>\n<p>Las personas interesadas en participar en alguno de los talleres o recibir m\u00e1s informaci\u00f3n sobre los mismos pueden ponerse en contacto con la Asociaci\u00f3n a trav\u00e9s del mail asocmilana@gmail.com o llamando al tel\u00e9fono 928 529 328.<\/p>\n","protected":false},"excerpt":{"rendered":"<p>La Asociaci\u00f3n Cultural, Social, Patrimonial y Agr\u00edcola La Milana pone en marcha los talleres \u2018Telar de Pared\u2019 y \u2018Aplicaci\u00f3n de la Cochinilla\u2019, en base al convenio de colaboraci\u00f3n establecido con el Servicio Canario de Empleo. &nbsp; Ambos talleres, que tendr\u00e1n una duraci\u00f3n de cinco meses, se impartir\u00e1n a partir del mi\u00e9rcoles, 2 de diciembre, de [&hellip;]<\/p>\n","protected":false},"author":2,"featured_media":0,"comment_status":"closed","ping_status":"closed","sticky":false,"template":"","format":"standard","meta":{"footnotes":""},"categories":[66,16,11],"tags":[],"class_list":["post-3021","post","type-post","status-publish","format-standard","hentry","category-artesania","category-cultura","category-hoja-de-haria"],"_links":{"self":[{"href":"https:\/\/www.ayuntamientodeharia.com\/haria\/wp-json\/wp\/v2\/posts\/3021","targetHints":{"allow":["GET"]}}],"collection":[{"href":"https:\/\/www.ayuntamientodeharia.com\/haria\/wp-json\/wp\/v2\/posts"}],"about":[{"href":"https:\/\/www.ayuntamientodeharia.com\/haria\/wp-json\/wp\/v2\/types\/post"}],"author":[{"embeddable":true,"href":"https:\/\/www.ayuntamientodeharia.com\/haria\/wp-json\/wp\/v2\/users\/2"}],"replies":[{"embeddable":true,"href":"https:\/\/www.ayuntamientodeharia.com\/haria\/wp-json\/wp\/v2\/comments?post=3021"}],"version-history":[{"count":0,"href":"https:\/\/www.ayuntamientodeharia.com\/haria\/wp-json\/wp\/v2\/posts\/3021\/revisions"}],"wp:attachment":[{"href":"https:\/\/www.ayuntamientodeharia.com\/haria\/wp-json\/wp\/v2\/media?parent=3021"}],"wp:term":[{"taxonomy":"category","embeddable":true,"href":"https:\/\/www.ayuntamientodeharia.com\/haria\/wp-json\/wp\/v2\/categories?post=3021"},{"taxonomy":"post_tag","embeddable":true,"href":"https:\/\/www.ayuntamientodeharia.com\/haria\/wp-json\/wp\/v2\/tags?post=3021"}],"curies":[{"name":"wp","href":"https:\/\/api.w.org\/{rel}","templated":true}]}}