{"id":3015,"date":"2015-11-27T14:24:13","date_gmt":"2015-11-27T14:24:13","guid":{"rendered":"http:\/\/www.ayuntamientodeharia.com\/haria\/?p=3015"},"modified":"2015-11-27T14:24:13","modified_gmt":"2015-11-27T14:24:13","slug":"eleccion-de-la-nueva-directiva-de-la-asociacion-de-mayores-palmeral-del-norte","status":"publish","type":"post","link":"https:\/\/www.ayuntamientodeharia.com\/haria\/eleccion-de-la-nueva-directiva-de-la-asociacion-de-mayores-palmeral-del-norte\/","title":{"rendered":"Elecci\u00f3n de la nueva directiva de la Asociaci\u00f3n de Mayores Palmeral del Norte"},"content":{"rendered":"<p>La presidenta en funciones de la Asociaci\u00f3n de Mayores Palmeral del Norte, Dolores Umpi\u00e9rrez, invita a los socios a participar en la votaci\u00f3n para elegir a la nueva directiva, que tendr\u00e1 lugar el jueves, 3 de diciembre, a las 16:00 horas, en el Centro Sociocultural La Tegala.<\/p>\n<p>&nbsp;<\/p>\n<p>Al finalizar la votaci\u00f3n, los asistentes podr\u00e1n disfrutar de una merienda.<\/p>\n","protected":false},"excerpt":{"rendered":"<p>La presidenta en funciones de la Asociaci\u00f3n de Mayores Palmeral del Norte, Dolores Umpi\u00e9rrez, invita a los socios a participar en la votaci\u00f3n para elegir a la nueva directiva, que tendr\u00e1 lugar el jueves, 3 de diciembre, a las 16:00 horas, en el Centro Sociocultural La Tegala. &nbsp; Al finalizar la votaci\u00f3n, los asistentes podr\u00e1n [&hellip;]<\/p>\n","protected":false},"author":2,"featured_media":0,"comment_status":"closed","ping_status":"closed","sticky":false,"template":"","format":"standard","meta":{"footnotes":""},"categories":[11],"tags":[],"class_list":["post-3015","post","type-post","status-publish","format-standard","hentry","category-hoja-de-haria"],"_links":{"self":[{"href":"https:\/\/www.ayuntamientodeharia.com\/haria\/wp-json\/wp\/v2\/posts\/3015","targetHints":{"allow":["GET"]}}],"collection":[{"href":"https:\/\/www.ayuntamientodeharia.com\/haria\/wp-json\/wp\/v2\/posts"}],"about":[{"href":"https:\/\/www.ayuntamientodeharia.com\/haria\/wp-json\/wp\/v2\/types\/post"}],"author":[{"embeddable":true,"href":"https:\/\/www.ayuntamientodeharia.com\/haria\/wp-json\/wp\/v2\/users\/2"}],"replies":[{"embeddable":true,"href":"https:\/\/www.ayuntamientodeharia.com\/haria\/wp-json\/wp\/v2\/comments?post=3015"}],"version-history":[{"count":0,"href":"https:\/\/www.ayuntamientodeharia.com\/haria\/wp-json\/wp\/v2\/posts\/3015\/revisions"}],"wp:attachment":[{"href":"https:\/\/www.ayuntamientodeharia.com\/haria\/wp-json\/wp\/v2\/media?parent=3015"}],"wp:term":[{"taxonomy":"category","embeddable":true,"href":"https:\/\/www.ayuntamientodeharia.com\/haria\/wp-json\/wp\/v2\/categories?post=3015"},{"taxonomy":"post_tag","embeddable":true,"href":"https:\/\/www.ayuntamientodeharia.com\/haria\/wp-json\/wp\/v2\/tags?post=3015"}],"curies":[{"name":"wp","href":"https:\/\/api.w.org\/{rel}","templated":true}]}}