{"id":3010,"date":"2015-11-27T14:20:43","date_gmt":"2015-11-27T14:20:43","guid":{"rendered":"http:\/\/www.ayuntamientodeharia.com\/haria\/?p=3010"},"modified":"2015-11-27T14:21:06","modified_gmt":"2015-11-27T14:21:06","slug":"actos-con-motivo-del-dia-mundial-de-la-discapacidad","status":"publish","type":"post","link":"https:\/\/www.ayuntamientodeharia.com\/haria\/actos-con-motivo-del-dia-mundial-de-la-discapacidad\/","title":{"rendered":"Actos con motivo del D\u00eda Mundial de la Discapacidad"},"content":{"rendered":"<p>Jueves, 3 de diciembre:<br \/>\n11:00 h.- Presentaci\u00f3n del programa de actos a cargo del alcalde y concejal de Bienestar Social del<br \/>\nAyuntamiento de Har\u00eda, Marciano Acu\u00f1a, acompa\u00f1ado por la asociaci\u00f3n Tinguafaya, en el<br \/>\nCentro Sociocultural La Tegala.<\/p>\n<p>&nbsp;<\/p>\n<p>S\u00e1bado, 5 de diciembre:<br \/>\n11:00 h.- Batucada del Cribo en la Plaza de Har\u00eda.<br \/>\n12:00 h.- Representaci\u00f3n de la obra \u2018En la gala de la inclusi\u00f3n\u2019 a cargo de los Marqueses de Valterra y<br \/>\nTinguafaya, en el Centro Sociocultural La Tegala.<br \/>\n12:45 h.- \u2018En el ba\u00f1o\u2019, monologo realizado por Esther V\u00e1zquez, directora y actriz del grupo teatral So- mos. 13:00 h.- Lectura del manifiesto a cargo de la Asociaci\u00f3n de personas con discapacidad de Lanzarote<br \/>\n(Adislan) en el Centro Sociocultural La Tegala. A continuaci\u00f3n intervendr\u00e1n los miembros de<br \/>\nla directiva de la asociaci\u00f3n Tinguafaya.<\/p>\n","protected":false},"excerpt":{"rendered":"<p>Jueves, 3 de diciembre: 11:00 h.- Presentaci\u00f3n del programa de actos a cargo del alcalde y concejal de Bienestar Social del Ayuntamiento de Har\u00eda, Marciano Acu\u00f1a, acompa\u00f1ado por la asociaci\u00f3n Tinguafaya, en el Centro Sociocultural La Tegala. &nbsp; S\u00e1bado, 5 de diciembre: 11:00 h.- Batucada del Cribo en la Plaza de Har\u00eda. 12:00 h.- Representaci\u00f3n [&hellip;]<\/p>\n","protected":false},"author":2,"featured_media":0,"comment_status":"closed","ping_status":"closed","sticky":false,"template":"","format":"standard","meta":{"footnotes":""},"categories":[11,77],"tags":[],"class_list":["post-3010","post","type-post","status-publish","format-standard","hentry","category-hoja-de-haria","category-servicios-sociales"],"_links":{"self":[{"href":"https:\/\/www.ayuntamientodeharia.com\/haria\/wp-json\/wp\/v2\/posts\/3010","targetHints":{"allow":["GET"]}}],"collection":[{"href":"https:\/\/www.ayuntamientodeharia.com\/haria\/wp-json\/wp\/v2\/posts"}],"about":[{"href":"https:\/\/www.ayuntamientodeharia.com\/haria\/wp-json\/wp\/v2\/types\/post"}],"author":[{"embeddable":true,"href":"https:\/\/www.ayuntamientodeharia.com\/haria\/wp-json\/wp\/v2\/users\/2"}],"replies":[{"embeddable":true,"href":"https:\/\/www.ayuntamientodeharia.com\/haria\/wp-json\/wp\/v2\/comments?post=3010"}],"version-history":[{"count":0,"href":"https:\/\/www.ayuntamientodeharia.com\/haria\/wp-json\/wp\/v2\/posts\/3010\/revisions"}],"wp:attachment":[{"href":"https:\/\/www.ayuntamientodeharia.com\/haria\/wp-json\/wp\/v2\/media?parent=3010"}],"wp:term":[{"taxonomy":"category","embeddable":true,"href":"https:\/\/www.ayuntamientodeharia.com\/haria\/wp-json\/wp\/v2\/categories?post=3010"},{"taxonomy":"post_tag","embeddable":true,"href":"https:\/\/www.ayuntamientodeharia.com\/haria\/wp-json\/wp\/v2\/tags?post=3010"}],"curies":[{"name":"wp","href":"https:\/\/api.w.org\/{rel}","templated":true}]}}