{"id":29778,"date":"2024-04-23T08:43:17","date_gmt":"2024-04-23T07:43:17","guid":{"rendered":"https:\/\/www.ayuntamientodeharia.com\/haria\/?p=29778"},"modified":"2026-01-12T08:01:00","modified_gmt":"2026-01-12T08:01:00","slug":"escuela-de-surf-y-bodyboard-juventud-haria","status":"publish","type":"post","link":"https:\/\/www.ayuntamientodeharia.com\/haria\/escuela-de-surf-y-bodyboard-juventud-haria\/","title":{"rendered":"Escuela de Surf y BodyBoard Juventud HAR\u00cdA 2026"},"content":{"rendered":"<p><strong><u>Informaci\u00f3n general de la Escuela de Surf y Bodyboard Juventud Har\u00eda 2026<\/u><\/strong><\/p>\n<p>Al cumplimentar esta ficha de inscripci\u00f3n est\u00e1s comenzando a ser miembro de la Escuela de Surf y Bodyboard Har\u00eda Juventud 2026.<\/p>\n<p>Si cumples los requisitos y aceptas las condiciones, nos pondremos en contacto para tramitar el pago de la ficha federativa y finalizar el proceso de inscripci\u00f3n.<\/p>\n<p>Se recomienda leer atentamente la informaci\u00f3n general de la Escuela de Surf y Bodyboard Juventud Har\u00eda 2026. En caso de tener cualquier propuesta o consideraci\u00f3n sobre la informaci\u00f3n, le rogamos que nos la hagan llegar a trav\u00e9s del correo <u><a href=\"mailto:juventud@ayuntamientodeharia.com\">juventud@ayuntamientodeharia.com<\/a><\/u>.<\/p>\n<ul>\n<li>Fecha de prevista de\u00a0comienzo:\u00a0<strong>domingo 8 de febrero<\/strong>. Entre el domingo de comienzo y el domingo 27 de diciembre de 2026 dispondremos de 42 domingos para surfear.<\/li>\n<li>Dirigida: a todos los j\u00f3venes nacidos entre los\u00a0<strong>a\u00f1os 2008 y 2018<\/strong>\u00a0ambos inclusive.<\/li>\n<li>Modalidades<strong>:<\/strong>\n<ul>\n<li><strong>Iniciaci\u00f3n al Surf\u00a0 y Bodyboard.\u00a0<\/strong>Todos los domingos en los tres turnos de clases se trabajar\u00e1 la iniciaci\u00f3n al surf con un m\u00e1ximo de 8 alumnos por clase. Se tendr\u00e1 en cuenta el alumnado que dominan el deporte y\/o avanzan a un ritmo m\u00e1s r\u00e1pido, para que no no bajen su ritmo de aprendizaje se le facilitar\u00e1 pasar al \u00e1rea de perfeccionamiento.<\/li>\n<li><strong>Perfecionamiento de Surf\u00a0 y Bodyboard<\/strong>. El alumnado que vaya progresando en la actividad, se les facilitar\u00e1 a lo largo del a\u00f1o trabajar aspectos de perfeccionamiento de surf y bodyboard en grupos reducidos, siendo los d\u00edas de trabajo s\u00e1bado y\/o festivos.<\/li>\n<\/ul>\n<\/li>\n<li>D\u00f3nde: principalmente en la\u00a0<strong>Playa de La Garita en Arrieta<\/strong>, el alumnado tiene que llegar por sus propios medios y\u00a0 han tener disponibilidad de transporte en el caso de que las clases se impartan en cualquier otro lugar del municipio de Har\u00eda.<\/li>\n<li>Cu\u00e1ndo:\u00a0<strong>todos los domingos<\/strong>\u00a0entre 9 de la ma\u00f1ana y las 13 horas, seg\u00fan el grupo que corresponda.<\/li>\n<\/ul>\n<p>&nbsp;<\/p>\n<p>Para el\u00a0<strong>2026 disponemos de 42 clases efectivas<\/strong>, en el caso de no poder realizarse en domingos por causas ajenas, estas horas se trasladaran a otro d\u00eda, pudiendo ser s\u00e1bados o festivos y siempre programados con 5 d\u00edas de antelaci\u00f3n.<\/p>\n<p><u>Distribuci\u00f3n horaria de los 3 turnos de clases:<\/u><\/p>\n<ul>\n<li>Grupo 1, de 8:45 a 10:00<\/li>\n<li>Grupo 2, de 10:00 a 11:15<\/li>\n<li>Grupo 3, de 11:15 a 12:30<\/li>\n<\/ul>\n<p>Se recomienda llegar al punto de encuentro\u00a0<strong>15 minutos antes<\/strong>\u00a0del comienzo del turno para agilizar el comienzo de la clase todo el grupo a la vez de manera puntual.<\/p>\n<p>Cada turno tendr\u00e1 una\u00a0<strong>hora real de trabajo en el agua<\/strong>, los alumnos que progresen se les permitir\u00e1 permanecer m\u00e1s tiempo en el agua si las condiciones lo permiten y disponemos de tablas.<\/p>\n<ul>\n<li>Distribuci\u00f3n de los 3 grupos. Cada grupo tendr\u00e1 un\u00a0<strong>m\u00e1ximo de 8 alumnos<\/strong>, la distribuci\u00f3n de las inscripciones dentro de cada grupo se har\u00e1 de la siguiente forma:<\/li>\n<li>Se respetar\u00e1 el turno a los alumnos que han pertenecido a la escuela el a\u00f1o 2025.<\/li>\n<li>Las dem\u00e1s plazas se completar\u00e1n por orden de inscripci\u00f3n.<\/li>\n<li>En cada turno, de las 8 plazas, tres de ellas ser\u00e1n exclusivas para alumnos nacidos en los a\u00f1os del 2016 al 2018, no pudiendo tener m\u00e1s de tres alumnos de esas edades por grupo.<\/li>\n<li>En cada turno, de las 8 plazas, dos de ellas podr\u00e1n ser ocupadas por alumnos no residentes en Har\u00eda, siempre que tengan un v\u00ednculo activo con el municipio y\/o Departamento de Juventud (estudiar en el Municipio de Har\u00eda, tener vivienda de permanencia ocasional, veranear en el municipio, familiares en el municipio, trabajar proyectos de integraci\u00f3n con Departamento de Juventud \u2026)<\/li>\n<li>2 plazas por turno podr\u00e1n ser ocupadas por alumnos que hayan pertenecido a la escuela a\u00f1os anteriores y que este a\u00f1o se pasen de la edad.<\/li>\n<li>El equipo t\u00e9cnico tendr\u00e1 todos estos aspectos en cuenta a la hora crear los grupos, para que todos tengan una diversidad que nos facilite el aprendizaje de manera grupal\u00a0 e individual sin olvidarnos de la seguridad en el agua.<\/li>\n<li>Lista reserva. A lo largo del a\u00f1o la Escuela de Surf y Bodyboard Juventud Har\u00eda 2026 intentar\u00e1 darle salida a todas las peticiones recibidas, por ello crear\u00e1 una lista reserva de alumnos que si bien no tienen plaza en el momento de la inscripci\u00f3n, se les podr\u00e1 asignar una plaza de pleno derecho a lo largo del a\u00f1o.<\/li>\n<li>Con el fin de trabajar de manera activa y dar plaza al mayor n\u00famero de alumnos posible, los alumnos que falten a clase sin previo aviso y de manera continuada podr\u00e1n perder la prioridad de la plaza en su turno, que ser\u00e1 ocupada por alumnos de la lista reserva.<\/li>\n<\/ul>\n<p>&nbsp;<\/p>\n<p><strong>Los j\u00f3venes interesados en las \u201cEscuela de Surf y Bodyboard Juvnetud Har\u00eda 2026\u201d deber\u00e1n tramitar la ficha federativa de Surf y Bodyboard para la temporada 2026 que tiene un precio anual de 50 euros para todos\/as los\/as alumnos\/as.(nacidos en 2008-2018).<\/strong><\/p>\n<p>M\u00e1s informaci\u00f3n de la actividad en la web\u00a0<b><u><a href=\"http:\/\/www.juventudharia.es\/\">www.juventudharia.es<\/a><\/u><\/b>, en el email\u00a0<u><a href=\"mailto:juventud@ayuntamientodeharia.com\">juventud@ayuntamientodeharia.com<\/a><\/u>, en el tel\u00e9fono del Departamento de Juventud 637 893 535 o ponerse en contacto con el <strong>Club Surf y Bodyboard Octopus<\/strong> llamando al 685 973 255 (Richard) y a trav\u00e9s del email\u00a0<u><a href=\"mailto:octopusbodyboard@yahoo.es\">octopusbodyboard@yahoo.es<\/a><\/u>.<\/p>\n<p><strong>Todos los j\u00f3venes que deseen formar parte de la Escuela de Surf y Bodyboard Juventud Har\u00eda 2026 para formalizar la inscripci\u00f3n tendr\u00e1n que seguir los siguientes pasos: \u00a01\u00ba cumplimentar el formulario y el 2\u00ba paso, despu\u00e9s de ponernos en contacto con el interesado, tramitar el pago de la ficha federativa.<\/strong><\/p>\n<p>Si el\/la participante quiere venir a probar \u00a0y a\u00fan no ha tramitado la ficha federativa el padre\/ la madre \/ tutor\/a tiene que firmar un descargo de responsabilidad de que conoce los riesgos de la actividad y que los asume mientras no se tramite la ficha federativa correctamente.<\/p>\n<p>Les recordamos que para formalizar la inscripci\u00f3n es necesario saber nadar. Los alumnos han de disponer de chaqu\u00e9 propio. Los que a\u00fan no lo tengan, la Escuela dispone de chaques de pr\u00e9stamo ocasional, sin poder asegurar la disponibilidad en todas las tallas.<\/p>\n\n<div class=\"wpcf7 no-js\" id=\"wpcf7-f20100-o1\" lang=\"es-ES\" dir=\"ltr\" data-wpcf7-id=\"20100\">\n<div class=\"screen-reader-response\"><p role=\"status\" aria-live=\"polite\" aria-atomic=\"true\"><\/p> <ul><\/ul><\/div>\n<form action=\"\/haria\/wp-json\/wp\/v2\/posts\/29778#wpcf7-f20100-o1\" method=\"post\" class=\"wpcf7-form init\" aria-label=\"Formulario de contacto\" novalidate=\"novalidate\" data-status=\"init\">\n<fieldset class=\"hidden-fields-container\"><input type=\"hidden\" name=\"_wpcf7\" value=\"20100\" \/><input type=\"hidden\" name=\"_wpcf7_version\" value=\"6.1.5\" \/><input type=\"hidden\" name=\"_wpcf7_locale\" value=\"es_ES\" \/><input type=\"hidden\" name=\"_wpcf7_unit_tag\" value=\"wpcf7-f20100-o1\" \/><input type=\"hidden\" name=\"_wpcf7_container_post\" value=\"0\" \/><input type=\"hidden\" name=\"_wpcf7_posted_data_hash\" value=\"\" \/><input type=\"hidden\" name=\"redirect_nonce\" value=\"a797832a7f\" \/><input type=\"hidden\" name=\"wpcf7cfpdf_hidden_name\" value=\"document-pdf\" \/><input type=\"hidden\" name=\"wpcf7cfpdf_hidden_reference\" value=\"5554c722\" \/><input type=\"hidden\" name=\"wpcf7cfpdf_hidden_date\" value=\"04302026\" \/><input type=\"hidden\" name=\"_wpcf7_recaptcha_response\" value=\"\" \/>\n<\/fieldset>\n<HR \/>\n<p><B><U>FORMULARIO DE INSCRIPCI\u00d3N<\/u><\/b>\n<\/p>\n<p style=\"color:red\"><b>Todos los campos se\u00f1alados con * son obligatorios<\/b>\n<\/p>\n<p>Nombre* <span class=\"wpcf7-form-control-wrap\" data-name=\"nombre\"><input size=\"25\" maxlength=\"25\" class=\"wpcf7-form-control wpcf7-text wpcf7-validates-as-required\" aria-required=\"true\" aria-invalid=\"false\" value=\"\" type=\"text\" name=\"nombre\" \/><\/span><br \/>\nApellidos* <span class=\"wpcf7-form-control-wrap\" data-name=\"apellidos\"><input size=\"25\" maxlength=\"25\" class=\"wpcf7-form-control wpcf7-text wpcf7-validates-as-required\" aria-required=\"true\" aria-invalid=\"false\" value=\"\" type=\"text\" name=\"apellidos\" \/><\/span><br \/>\nSe nadar* <span class=\"wpcf7-form-control-wrap\" data-name=\"nadar\"><select class=\"wpcf7-form-control wpcf7-select wpcf7-validates-as-required\" aria-required=\"true\" aria-invalid=\"false\" name=\"nadar\"><option value=\"\"><\/option><option value=\"SI\">SI<\/option><option value=\"NO\">NO<\/option><\/select><\/span><br \/>\nTengo conocimientos de Surf\/BodyBoard* <span class=\"wpcf7-form-control-wrap\" data-name=\"surf\"><select class=\"wpcf7-form-control wpcf7-select wpcf7-validates-as-required\" aria-required=\"true\" aria-invalid=\"false\" name=\"surf\"><option value=\"\"><\/option><option value=\"SI\">SI<\/option><option value=\"NO\">NO<\/option><\/select><\/span><br \/>\nFecha de nacimiento* <span class=\"wpcf7-form-control-wrap\" data-name=\"fechaNacimiento\"><input class=\"wpcf7-form-control wpcf7-date wpcf7-validates-as-required wpcf7-validates-as-date\" aria-required=\"true\" aria-invalid=\"false\" value=\"\" type=\"date\" name=\"fechaNacimiento\" \/><\/span><br \/>\nN\u00famero de DNI <span class=\"wpcf7-form-control-wrap\" data-name=\"dni\"><input size=\"25\" maxlength=\"25\" class=\"wpcf7-form-control wpcf7-text wpcf7-validates-as-required\" aria-required=\"true\" aria-invalid=\"false\" value=\"\" type=\"text\" name=\"dni\" \/><\/span><br \/>\nLocalidad de residencia <span class=\"wpcf7-form-control-wrap\" data-name=\"localidad\"><input size=\"25\" maxlength=\"25\" class=\"wpcf7-form-control wpcf7-text wpcf7-validates-as-required\" aria-required=\"true\" aria-invalid=\"false\" value=\"\" type=\"text\" name=\"localidad\" \/><\/span><br \/>\nE-mail (en su defecto poner padre\/madre\/tutor)* <span class=\"wpcf7-form-control-wrap\" data-name=\"email\"><input size=\"40\" maxlength=\"400\" class=\"wpcf7-form-control wpcf7-email wpcf7-validates-as-required wpcf7-text wpcf7-validates-as-email\" aria-required=\"true\" aria-invalid=\"false\" value=\"\" type=\"email\" name=\"email\" \/><\/span><br \/>\nTel\u00e9fono (en su defecto poner padre\/madre\/tutor)* <span class=\"wpcf7-form-control-wrap\" data-name=\"telefono\"><input size=\"40\" maxlength=\"400\" class=\"wpcf7-form-control wpcf7-tel wpcf7-validates-as-required wpcf7-text wpcf7-validates-as-tel\" aria-required=\"true\" aria-invalid=\"false\" value=\"\" type=\"tel\" name=\"telefono\" \/><\/span><br \/>\nQuiero que me env\u00eden informaci\u00f3n de la ESBH WhatsApp* <span class=\"wpcf7-form-control-wrap\" data-name=\"whatsapp\"><select class=\"wpcf7-form-control wpcf7-select wpcf7-validates-as-required\" aria-required=\"true\" aria-invalid=\"false\" name=\"whatsapp\"><option value=\"\"><\/option><option value=\"SI\">SI<\/option><option value=\"NO\">NO<\/option><\/select><\/span>\n<\/p>\n<hr \/>\n<p><b><u>DATOS DE LA MADRE, PADRE \u00d3 TUTOR LEGAL DEL SOLICITANTE<\/u><\/b>\n<\/p>\n<p>Nombre* <span class=\"wpcf7-form-control-wrap\" data-name=\"nombreTutor\"><input size=\"25\" maxlength=\"25\" class=\"wpcf7-form-control wpcf7-text wpcf7-validates-as-required\" aria-required=\"true\" aria-invalid=\"false\" value=\"\" type=\"text\" name=\"nombreTutor\" \/><\/span><br \/>\nApellidos* <span class=\"wpcf7-form-control-wrap\" data-name=\"apellidosTutor\"><input size=\"25\" maxlength=\"25\" class=\"wpcf7-form-control wpcf7-text wpcf7-validates-as-required\" aria-required=\"true\" aria-invalid=\"false\" value=\"\" type=\"text\" name=\"apellidosTutor\" \/><\/span><br \/>\nE-mail* <span class=\"wpcf7-form-control-wrap\" data-name=\"emailTutor\"><input size=\"40\" maxlength=\"400\" class=\"wpcf7-form-control wpcf7-email wpcf7-validates-as-required wpcf7-text wpcf7-validates-as-email\" aria-required=\"true\" aria-invalid=\"false\" value=\"\" type=\"email\" name=\"emailTutor\" \/><\/span><br \/>\nTel\u00e9fono* <span class=\"wpcf7-form-control-wrap\" data-name=\"telefonoTutor\"><input size=\"40\" maxlength=\"400\" class=\"wpcf7-form-control wpcf7-tel wpcf7-validates-as-required wpcf7-text wpcf7-validates-as-tel\" aria-required=\"true\" aria-invalid=\"false\" value=\"\" type=\"tel\" name=\"telefonoTutor\" \/><\/span><br \/>\nQuiero que me env\u00eden informaci\u00f3n de la ESBH WhatsApp* <span class=\"wpcf7-form-control-wrap\" data-name=\"whatsappTutor\"><select class=\"wpcf7-form-control wpcf7-select wpcf7-validates-as-required\" aria-required=\"true\" aria-invalid=\"false\" name=\"whatsappTutor\"><option value=\"\"><\/option><option value=\"SI\">SI<\/option><option value=\"NO\">NO<\/option><\/select><\/span>\n<\/p>\n<p><b><span class=\"wpcf7-form-control-wrap\" data-name=\"declaracion\"><span class=\"wpcf7-form-control wpcf7-acceptance\"><span class=\"wpcf7-list-item\"><label><input type=\"checkbox\" name=\"declaracion\" value=\"1\" aria-invalid=\"false\" \/><span class=\"wpcf7-list-item-label\">ENTIENDO, DECLARO Y ACEPTO que puedo participar en LA ESCUELA DE SURF Y BODYBOARD JUVENTUD HAR\u00cdA 2026, ya que cumplo con todas y cada una de las condiciones anteriormente citadas.<\/span><\/label><\/span><\/span><\/span><\/b>\n<\/p>\n<p>Observaciones: (M\u00e1ximo de caracteres 400. Quedan: <span class=\"wpcf7-character-count down\" data-target-name=\"observaciones\" data-starting-value=\"400\" data-current-value=\"400\" data-maximum-value=\"400\">400<\/span>)<br \/>\n<span class=\"wpcf7-form-control-wrap\" data-name=\"observaciones\"><textarea cols=\"40\" rows=\"10\" maxlength=\"400\" class=\"wpcf7-form-control wpcf7-textarea\" aria-invalid=\"false\" name=\"observaciones\"><\/textarea><\/span>\n<\/p>\n<hr \/>\n<p><b>Nota:<\/b><br \/>\n-El env\u00edo del presente formulario no confirma la plaza en la actividad referida.<br \/>\n-Una vez que el Departamento de Juventud reciba los datos de inscripci\u00f3n comprobar\u00e1 que toda la informaci\u00f3n es correcta y la disponibilidad de plaza.<br \/>\n-Posteriormente, recibir\u00e1 una comunicaci\u00f3n en su correo electr\u00f3nico inform\u00e1ndole sobre la confirmaci\u00f3n o no disponibilidad de plaza para la actividad solicitada.<br \/>\n<script languaje=\"javasCript\">\r\n    function mostrarTextoOculto(){\r\n        if (document.getElementById(\"textoOculto\").style.display==\"none\"){\r\n            document.getElementById(\"textoOculto\").style.display=\"inherit\";\r\n            document.getElementById(\"textoEnlace\").innerHTML =\"<u>Ocultar t\u00e9rminos y condiciones de uso<\/u>\";\r\n            }else{\r\n            document.getElementById(\"textoOculto\").style.display=\"none\";\r\n            document.getElementById(\"textoEnlace\").innerHTML =\"<u>Mostrar t\u00e9rminos y condiciones de uso<\/u>\";\r\n        }\r\n    }\r\n<\/script>\r\n<style>\t\r\n\tol.lista { padding-left: 1em; }\r\n\tul.lista { padding-left: 1em; }\r\n\tli.lista { padding-left: 0em; }\r\n<\/style>\r\n<hr>\r\n<center><a href=\"javascript:mostrarTextoOculto();\" id=\"textoEnlace\"><u>Mostrar t\u00e9rminos y condiciones de uso<\/u><\/a><\/center>\r\n<div id=\"textoOculto\" style=\"display: none;\">\r\n<hr>\r\n<span style=\"text-decoration: underline;\"><strong>T\u00c9RMINOS Y CONDICIONES<\/strong><\/span><br>\r\n\r\n\t<strong><u>AVISO DE PROTECCI\u00d3N DE DATOS Y CL\u00c1USULA DE CONSENTIMIENTO<\/u><\/strong>\r\n<ol class=\"lista\">\r\n \t<li><strong>Responsable del tratamiento<\/strong>\r\n<ul class=\"lista\">\r\n \t<li><strong>Identidad<\/strong>: Ayuntamiento de Har\u00eda \u2014 N.I.F.: P3501100F<\/li>\r\n \t<li><strong>Domicilio<\/strong>: Plaza de la Constituci\u00f3n, n.\u00ba 1, C.P. 35520, Har\u00eda (Las Palmas)<\/li>\r\n \t<li><strong>Correo electr\u00f3nico<\/strong>: <a href=\"mailto:juventud@ayuntamientodeharia.com\">juventud@ayuntamientodeharia.com<\/a><\/li>\r\n \t<li><strong>Tel\u00e9fono de contacto<\/strong>: 637 89 35 35<\/li>\r\n<\/ul>\r\n<\/li>\r\n \t<li><strong>Finalidad y base jur\u00eddica de los tratamientos<\/strong>\r\n<ul class=\"lista\">\r\n \t<li><strong>Inscripci\u00f3n y gesti\u00f3n de la actividad del presente formulario.<\/strong>\r\n<ul class=\"lista\">\r\n \t<li>Trataremos sus datos personales (identificativos y de contacto) para gestionar su inscripci\u00f3n y participaci\u00f3n en las actividades, as\u00ed como para realizar las gestiones necesarias derivadas del servicio ofrecido.<\/li>\r\n \t<li><strong>Base de legitimaci\u00f3n<\/strong>: Art\u00edculo 6.1.b) RGPD (ejecuci\u00f3n de un contrato o de medidas precontractuales a petici\u00f3n del interesado).<\/li>\r\n<\/ul>\r\n<\/li>\r\n \t<li><strong>Captaci\u00f3n y uso de im\u00e1genes y\/o voz en eventos<\/strong>\r\n<ul class=\"lista\">\r\n \t<li>En los eventos organizados por la actividad en la que se inscribe podr\u00edan tomarse fotograf\u00edas o grabarse v\u00eddeos con fines promocionales y de difusi\u00f3n de las actividades en redes sociales, p\u00e1gina web municipal o material informativo.<\/li>\r\n \t<li><strong>Base de legitimaci\u00f3n<\/strong>:\r\n<ul class=\"lista\">\r\n \t<li><strong>Consentimiento expreso<\/strong> del interesado (art. 6.1.a) RGPD), cuando se trate de im\u00e1genes\/voz que permitan su identificaci\u00f3n.<\/li>\r\n \t<li>En caso de no otorgar su consentimiento, su imagen\/voz no ser\u00e1 utilizada con dichos fines promocionales.<\/li>\r\n<\/ul>\r\n<\/li>\r\n \t<li><strong>Cesiones de datos<\/strong>\r\n<ul class=\"lista\">\r\n \t<li>Sus datos podr\u00e1n ser comunicados a terceros en los casos en que exista <strong>obligaci\u00f3n legal<\/strong> (art. 6.1.c) RGPD). No se prev\u00e9n otras cesiones salvo las necesarias para la correcta prestaci\u00f3n del servicio.<\/li>\r\n<\/ul>\r\n<\/li>\r\n<\/ul>\r\n<\/li>\r\n<\/ul>\r\n<\/li>\r\n<\/ol>\r\n<ol class=\"lista\" start=\"3\">\r\n \t<li><strong>Uso de la imagen personal<\/strong>\r\n<ul class=\"lista\">\r\n \t<li>Si usted otorga su consentimiento (ver apartado espec\u00edfico de consentimiento m\u00e1s adelante), <strong>cede<\/strong> de forma gratuita y sin restricci\u00f3n territorial al Departamento de Juventud del Ayuntamiento de Har\u00eda los derechos de imagen captados durante su participaci\u00f3n en las actividades. Dicha cesi\u00f3n se realiza sin contravenir la Ley Org\u00e1nica 1\/1982, de 5 de mayo, de protecci\u00f3n civil del derecho al honor, la intimidad personal y familiar y a la propia imagen.<\/li>\r\n<\/ul>\r\n<\/li>\r\n \t<li><strong>Plazos de conservaci\u00f3n<\/strong>\r\n<ul class=\"lista\">\r\n \t<li>Sus datos personales se conservar\u00e1n mientras dure la actividad o exista un inter\u00e9s mutuo en mantener la relaci\u00f3n.<\/li>\r\n \t<li>Finalizada la actividad o atendidas las obligaciones legales que pudieran derivarse, se proceder\u00e1 a su supresi\u00f3n o bloqueo conforme a la normativa.<\/li>\r\n \t<li>Las im\u00e1genes y grabaciones se conservar\u00e1n hasta que usted revoque su consentimiento o deje de ser necesario para la finalidad indicada.<\/li>\r\n<\/ul>\r\n<\/li>\r\n \t<li><strong>Derechos de los interesados<\/strong>\r\n<ul class=\"lista\">\r\n \t<li>Usted puede ejercer sus derechos de <strong>acceso<\/strong>, <strong>rectificaci\u00f3n<\/strong>, <strong>supresi\u00f3n<\/strong>, <strong>oposici\u00f3n<\/strong>, <strong>limitaci\u00f3n<\/strong> y, en su caso, <strong>portabilidad<\/strong> de sus datos.<\/li>\r\n \t<li>Para ello, remita su solicitud (indicando su nombre, apellidos y aportando copia de su DNI o documento equivalente) a:\r\n<ul class=\"lista\">\r\n \t<li><strong>Direcci\u00f3n postal<\/strong>: Plaza de la Constituci\u00f3n, n.\u00ba 1, C.P. 35520, Har\u00eda (Las Palmas)<\/li>\r\n \t<li><strong>Correo electr\u00f3nico<\/strong>: <a href=\"mailto:juventud@ayuntamientodeharia.com\">juventud@ayuntamientodeharia.com<\/a><\/li>\r\n<\/ul>\r\n<\/li>\r\n \t<li>Asimismo, tiene derecho a presentar una <strong>reclamaci\u00f3n<\/strong> ante la Agencia Espa\u00f1ola de Protecci\u00f3n de Datos (<a href=\"http:\/\/www.aepd.es\/\">aepd.es<\/a>) si considera vulnerados sus derechos.<\/li>\r\n<\/ul>\r\n<\/li>\r\n \t<li><strong>Delegado de Protecci\u00f3n de Datos<\/strong>\r\n<ul class=\"lista\">\r\n \t<li>El Ayuntamiento de Har\u00eda ha designado un Delegado de Protecci\u00f3n de Datos al que puede contactar en: <a href=\"mailto:dpd@ayuntamientodeharia.com\"><strong>dpd@ayuntamientodeharia.com<\/strong><\/a>.<\/li>\r\n \t<li>Puede dirigirle cualquier duda o consulta relativa al tratamiento de sus datos personales.<\/li>\r\n<\/ul>\r\n<\/li>\r\n \t<li><strong>Comunicaciones comerciales o informativas<\/strong>\r\n<ul class=\"lista\">\r\n \t<li>De conformidad con el art\u00edculo 21 de la Ley 34\/2002 (LSSI), si no desea recibir futuras comunicaciones sobre nuestros servicios y actividades, puede darse de baja enviando un correo a <a href=\"mailto:juventud@ayuntamientodeharia.com\">juventud@ayuntamientodeharia.com<\/a> con el asunto \u201cBaja\u201d o \u201cNo enviar correos\u201d.<\/li>\r\n<\/ul>\r\n<\/li>\r\n<\/ol>\r\n\u00a0\r\n<h3>CL\u00c1USULA DE CONSENTIMIENTO PARA USO DE IM\u00c1GENES Y\/O VOZ<\/h3>\r\n\u00a0\r\n\r\n<strong>Otorgo mi consentimiento expreso<\/strong> para que el Ayuntamiento de Har\u00eda (Departamento de Juventud) capte, almacene y difunda mi imagen y\/o voz en fotograf\u00edas y v\u00eddeos con fines promocionales relacionados con las actividades de esta Escuela.\r\n<ul class=\"lista\">\r\n \t<li>He sido debidamente informado\/a de que dichas im\u00e1genes o grabaciones podr\u00edan ser publicadas en la web municipal, redes sociales o material informativo del Ayuntamiento, y que esta cesi\u00f3n de derechos de imagen se realiza de forma gratuita y sin restricci\u00f3n territorial.<\/li>\r\n \t<li>Entiendo que puedo <strong>revocar<\/strong> este consentimiento en cualquier momento, dirigi\u00e9ndome a:\r\n<ul class=\"lista\">\r\n \t<li>Plaza de la Constituci\u00f3n, n.\u00ba 1, 35520 Har\u00eda (Las Palmas)<\/li>\r\n \t<li>Correo electr\u00f3nico: <a href=\"mailto:juventud@ayuntamientodeharia.com\">juventud@ayuntamientodeharia.com<\/a><\/li>\r\n<\/ul>\r\n<\/li>\r\n<\/ul>\r\n<br>\r\n<\/div>\r\n<hr>\r\n\n<\/p>\n<p><span class=\"wpcf7-form-control-wrap\" data-name=\"aceptar-terminos\"><span class=\"wpcf7-form-control wpcf7-acceptance\"><span class=\"wpcf7-list-item\"><input type=\"checkbox\" name=\"aceptar-terminos\" value=\"1\" aria-invalid=\"false\" \/><\/span><\/span><\/span> Acepto los t\u00e9rminos y condiciones de uso. <input class=\"wpcf7-form-control wpcf7-submit has-spinner\" type=\"submit\" value=\"Enviar formulario\" \/>\n<\/p>\n\n\n<div class=\"wpcf7-response-output\" aria-hidden=\"true\"><\/div>\n<\/form>\n<\/div>\n\n<p>&nbsp;<\/p>\n","protected":false},"excerpt":{"rendered":"<p>Informaci\u00f3n general de la Escuela de Surf y Bodyboard Juventud Har\u00eda 2026 Al cumplimentar esta ficha de inscripci\u00f3n est\u00e1s comenzando a ser miembro de la Escuela de Surf y Bodyboard Har\u00eda Juventud 2026. Si cumples los requisitos y aceptas las condiciones, nos pondremos en contacto para tramitar el pago de la ficha federativa y finalizar [&hellip;]<\/p>\n","protected":false},"author":2,"featured_media":34062,"comment_status":"closed","ping_status":"closed","sticky":false,"template":"","format":"standard","meta":{"footnotes":""},"categories":[17,25],"tags":[],"class_list":["post-29778","post","type-post","status-publish","format-standard","has-post-thumbnail","hentry","category-deportes","category-juventud"],"_links":{"self":[{"href":"https:\/\/www.ayuntamientodeharia.com\/haria\/wp-json\/wp\/v2\/posts\/29778","targetHints":{"allow":["GET"]}}],"collection":[{"href":"https:\/\/www.ayuntamientodeharia.com\/haria\/wp-json\/wp\/v2\/posts"}],"about":[{"href":"https:\/\/www.ayuntamientodeharia.com\/haria\/wp-json\/wp\/v2\/types\/post"}],"author":[{"embeddable":true,"href":"https:\/\/www.ayuntamientodeharia.com\/haria\/wp-json\/wp\/v2\/users\/2"}],"replies":[{"embeddable":true,"href":"https:\/\/www.ayuntamientodeharia.com\/haria\/wp-json\/wp\/v2\/comments?post=29778"}],"version-history":[{"count":22,"href":"https:\/\/www.ayuntamientodeharia.com\/haria\/wp-json\/wp\/v2\/posts\/29778\/revisions"}],"predecessor-version":[{"id":34066,"href":"https:\/\/www.ayuntamientodeharia.com\/haria\/wp-json\/wp\/v2\/posts\/29778\/revisions\/34066"}],"wp:featuredmedia":[{"embeddable":true,"href":"https:\/\/www.ayuntamientodeharia.com\/haria\/wp-json\/wp\/v2\/media\/34062"}],"wp:attachment":[{"href":"https:\/\/www.ayuntamientodeharia.com\/haria\/wp-json\/wp\/v2\/media?parent=29778"}],"wp:term":[{"taxonomy":"category","embeddable":true,"href":"https:\/\/www.ayuntamientodeharia.com\/haria\/wp-json\/wp\/v2\/categories?post=29778"},{"taxonomy":"post_tag","embeddable":true,"href":"https:\/\/www.ayuntamientodeharia.com\/haria\/wp-json\/wp\/v2\/tags?post=29778"}],"curies":[{"name":"wp","href":"https:\/\/api.w.org\/{rel}","templated":true}]}}