{"id":29748,"date":"2024-04-19T13:08:50","date_gmt":"2024-04-19T12:08:50","guid":{"rendered":"https:\/\/www.ayuntamientodeharia.com\/haria\/?p=29748"},"modified":"2024-04-19T14:15:22","modified_gmt":"2024-04-19T13:15:22","slug":"celebramos-100-anos-de-biodanza","status":"publish","type":"post","link":"https:\/\/www.ayuntamientodeharia.com\/haria\/celebramos-100-anos-de-biodanza\/","title":{"rendered":"Celebramos 100 a\u00f1os de Biodanza"},"content":{"rendered":"<p>El 19 de abril se celebra en todo el mundo el D\u00eda de la Biodanza, fecha de nacimiento de su creador, Rolando Toro Araneda. Este a\u00f1o se cumple su centenario y lo celebraremos con una sesi\u00f3n de Biodanza, que organizamos en conjunto con AOIBC, Asociaci\u00f3n Canaria de Biodanza.<\/p>\n<p>El viernes 19 a las 17 h. en el CSC la Garita de Arrieta, con una sesi\u00f3n en familia gratuita, abierta a todo el mundo y para todas las edades. Si quieres participar, inscr\u00edbete por whatsapp en el 644136227- Pedro Royo<\/p>\n<p>Organiza ASOIBC, Asociaci\u00f3n Canaria de Biodanza en colaboraci\u00f3n con el Ayuntamiento de Har\u00eda.<\/p>\n","protected":false},"excerpt":{"rendered":"<p>El 19 de abril se celebra en todo el mundo el D\u00eda de la Biodanza, fecha de nacimiento de su creador, Rolando Toro Araneda. Este a\u00f1o se cumple su centenario y lo celebraremos con una sesi\u00f3n de Biodanza, que organizamos en conjunto con AOIBC, Asociaci\u00f3n Canaria de Biodanza. El viernes 19 a las 17 h. [&hellip;]<\/p>\n","protected":false},"author":13,"featured_media":29749,"comment_status":"closed","ping_status":"closed","sticky":false,"template":"","format":"standard","meta":{"footnotes":""},"categories":[16],"tags":[],"class_list":["post-29748","post","type-post","status-publish","format-standard","has-post-thumbnail","hentry","category-cultura"],"_links":{"self":[{"href":"https:\/\/www.ayuntamientodeharia.com\/haria\/wp-json\/wp\/v2\/posts\/29748","targetHints":{"allow":["GET"]}}],"collection":[{"href":"https:\/\/www.ayuntamientodeharia.com\/haria\/wp-json\/wp\/v2\/posts"}],"about":[{"href":"https:\/\/www.ayuntamientodeharia.com\/haria\/wp-json\/wp\/v2\/types\/post"}],"author":[{"embeddable":true,"href":"https:\/\/www.ayuntamientodeharia.com\/haria\/wp-json\/wp\/v2\/users\/13"}],"replies":[{"embeddable":true,"href":"https:\/\/www.ayuntamientodeharia.com\/haria\/wp-json\/wp\/v2\/comments?post=29748"}],"version-history":[{"count":3,"href":"https:\/\/www.ayuntamientodeharia.com\/haria\/wp-json\/wp\/v2\/posts\/29748\/revisions"}],"predecessor-version":[{"id":29772,"href":"https:\/\/www.ayuntamientodeharia.com\/haria\/wp-json\/wp\/v2\/posts\/29748\/revisions\/29772"}],"wp:featuredmedia":[{"embeddable":true,"href":"https:\/\/www.ayuntamientodeharia.com\/haria\/wp-json\/wp\/v2\/media\/29749"}],"wp:attachment":[{"href":"https:\/\/www.ayuntamientodeharia.com\/haria\/wp-json\/wp\/v2\/media?parent=29748"}],"wp:term":[{"taxonomy":"category","embeddable":true,"href":"https:\/\/www.ayuntamientodeharia.com\/haria\/wp-json\/wp\/v2\/categories?post=29748"},{"taxonomy":"post_tag","embeddable":true,"href":"https:\/\/www.ayuntamientodeharia.com\/haria\/wp-json\/wp\/v2\/tags?post=29748"}],"curies":[{"name":"wp","href":"https:\/\/api.w.org\/{rel}","templated":true}]}}