{"id":29605,"date":"2024-04-05T13:40:44","date_gmt":"2024-04-05T12:40:44","guid":{"rendered":"https:\/\/www.ayuntamientodeharia.com\/haria\/?p=29605"},"modified":"2024-04-05T13:40:44","modified_gmt":"2024-04-05T12:40:44","slug":"la-asociacion-de-vecinos-volcan-de-la-corona-celebra-su-asamblea-general-para-elegir-a-su-nueva-junta-directiva","status":"publish","type":"post","link":"https:\/\/www.ayuntamientodeharia.com\/haria\/la-asociacion-de-vecinos-volcan-de-la-corona-celebra-su-asamblea-general-para-elegir-a-su-nueva-junta-directiva\/","title":{"rendered":"La Asociaci\u00f3n de vecinos Volc\u00e1n de la Corona celebra su Asamblea General para elegir a su nueva junta directiva"},"content":{"rendered":"<p>La Asociaci\u00f3n de vecinos Volc\u00e1n de la Corona celebrar\u00e1 el pr\u00f3ximo s\u00e1bado, 13 de abril, en horario de 17:30 a 19:30 horas, su Asamblea General para elegir a la nueva junta directiva.<\/p>\n<p>Asimismo, se recuerda a las personas asociadas que para ejercer su derecho al voto deber\u00e1n estar al corriente del pago de las cuotas, al menos hasta el a\u00f1o 2023.<\/p>\n<p>Al finalizar las votaciones y proceder al nombramiento de los nuevos miembros, se invitar\u00e1 a los asociados y asociadas a una merienda de chocolate caliente y bizcoch\u00f3n.<\/p>\n","protected":false},"excerpt":{"rendered":"<p>La Asociaci\u00f3n de vecinos Volc\u00e1n de la Corona celebrar\u00e1 el pr\u00f3ximo s\u00e1bado, 13 de abril, en horario de 17:30 a 19:30 horas, su Asamblea General para elegir a la nueva junta directiva. Asimismo, se recuerda a las personas asociadas que para ejercer su derecho al voto deber\u00e1n estar al corriente del pago de las cuotas, [&hellip;]<\/p>\n","protected":false},"author":13,"featured_media":0,"comment_status":"closed","ping_status":"closed","sticky":false,"template":"","format":"standard","meta":{"footnotes":""},"categories":[32],"tags":[],"class_list":["post-29605","post","type-post","status-publish","format-standard","hentry","category-anuncios"],"_links":{"self":[{"href":"https:\/\/www.ayuntamientodeharia.com\/haria\/wp-json\/wp\/v2\/posts\/29605","targetHints":{"allow":["GET"]}}],"collection":[{"href":"https:\/\/www.ayuntamientodeharia.com\/haria\/wp-json\/wp\/v2\/posts"}],"about":[{"href":"https:\/\/www.ayuntamientodeharia.com\/haria\/wp-json\/wp\/v2\/types\/post"}],"author":[{"embeddable":true,"href":"https:\/\/www.ayuntamientodeharia.com\/haria\/wp-json\/wp\/v2\/users\/13"}],"replies":[{"embeddable":true,"href":"https:\/\/www.ayuntamientodeharia.com\/haria\/wp-json\/wp\/v2\/comments?post=29605"}],"version-history":[{"count":1,"href":"https:\/\/www.ayuntamientodeharia.com\/haria\/wp-json\/wp\/v2\/posts\/29605\/revisions"}],"predecessor-version":[{"id":29606,"href":"https:\/\/www.ayuntamientodeharia.com\/haria\/wp-json\/wp\/v2\/posts\/29605\/revisions\/29606"}],"wp:attachment":[{"href":"https:\/\/www.ayuntamientodeharia.com\/haria\/wp-json\/wp\/v2\/media?parent=29605"}],"wp:term":[{"taxonomy":"category","embeddable":true,"href":"https:\/\/www.ayuntamientodeharia.com\/haria\/wp-json\/wp\/v2\/categories?post=29605"},{"taxonomy":"post_tag","embeddable":true,"href":"https:\/\/www.ayuntamientodeharia.com\/haria\/wp-json\/wp\/v2\/tags?post=29605"}],"curies":[{"name":"wp","href":"https:\/\/api.w.org\/{rel}","templated":true}]}}