{"id":29596,"date":"2024-04-05T13:28:30","date_gmt":"2024-04-05T12:28:30","guid":{"rendered":"https:\/\/www.ayuntamientodeharia.com\/haria\/?p=29596"},"modified":"2024-04-08T15:11:51","modified_gmt":"2024-04-08T14:11:51","slug":"haria-pone-dos-guaguas-para-asistir-a-la-final-de-la-lucha-canaria-en-la-ciudad-deportiva-de-arrecife","status":"publish","type":"post","link":"https:\/\/www.ayuntamientodeharia.com\/haria\/haria-pone-dos-guaguas-para-asistir-a-la-final-de-la-lucha-canaria-en-la-ciudad-deportiva-de-arrecife\/","title":{"rendered":"Har\u00eda pone dos guaguas para asistir a la final de la lucha canaria en la Ciudad Deportiva de Arrecife  \u00a0 \u00a0 \u00a0 \u00a0 \u00a0 \u00a0 \u00a0 \u00a0 \u00a0 \u00a0 \u00a0 \u00a0 \u00a0\u00a0"},"content":{"rendered":"<p>El Ayuntamiento, a trav\u00e9s de la concejal\u00eda de Deportes, que dirige Alberto de Le\u00f3n, pone a disposici\u00f3n de los aficionados a la lucha canaria dos guaguas para asistir a la final de la lucha que tendr\u00e1 lugar el pr\u00f3ximo viernes 12 de abril en la Ciudad Deportiva de Arrecife.<\/p>\n<p>El consistorio, ante la falta de aparcamientos en esa zona, ha decidido poner dos guaguas para que los vecinos y vecinas del municipio puedan acudir al terrero de lucha y animar al Club Uni\u00f3n Norte de Har\u00eda.<\/p>\n<p>Los interesados disponen de este n\u00famero de tel\u00e9fono <strong>659-223075<\/strong> para obtener la entrada y el asiento en la guagua, hasta completar el aforo de 110 personas.<\/p>\n<p>Desde el Ayuntamiento animamos al Club de Lucha Uni\u00f3n Norte de Har\u00eda a seguir dando lo mejor de s\u00ed mismos y a luchar por alcanzar la victoria, tanto en la categor\u00eda juvenil y regional.<\/p>\n<p>\u00a1Todo el apoyo y los mejores deseos para esta gran final!<\/p>\n","protected":false},"excerpt":{"rendered":"<p>El Ayuntamiento, a trav\u00e9s de la concejal\u00eda de Deportes, que dirige Alberto de Le\u00f3n, pone a disposici\u00f3n de los aficionados a la lucha canaria dos guaguas para asistir a la final de la lucha que tendr\u00e1 lugar el pr\u00f3ximo viernes 12 de abril en la Ciudad Deportiva de Arrecife. El consistorio, ante la falta de [&hellip;]<\/p>\n","protected":false},"author":13,"featured_media":29597,"comment_status":"closed","ping_status":"closed","sticky":false,"template":"","format":"standard","meta":{"footnotes":""},"categories":[32,17,425,25],"tags":[],"class_list":["post-29596","post","type-post","status-publish","format-standard","has-post-thumbnail","hentry","category-anuncios","category-deportes","category-destacado","category-juventud"],"_links":{"self":[{"href":"https:\/\/www.ayuntamientodeharia.com\/haria\/wp-json\/wp\/v2\/posts\/29596","targetHints":{"allow":["GET"]}}],"collection":[{"href":"https:\/\/www.ayuntamientodeharia.com\/haria\/wp-json\/wp\/v2\/posts"}],"about":[{"href":"https:\/\/www.ayuntamientodeharia.com\/haria\/wp-json\/wp\/v2\/types\/post"}],"author":[{"embeddable":true,"href":"https:\/\/www.ayuntamientodeharia.com\/haria\/wp-json\/wp\/v2\/users\/13"}],"replies":[{"embeddable":true,"href":"https:\/\/www.ayuntamientodeharia.com\/haria\/wp-json\/wp\/v2\/comments?post=29596"}],"version-history":[{"count":1,"href":"https:\/\/www.ayuntamientodeharia.com\/haria\/wp-json\/wp\/v2\/posts\/29596\/revisions"}],"predecessor-version":[{"id":29598,"href":"https:\/\/www.ayuntamientodeharia.com\/haria\/wp-json\/wp\/v2\/posts\/29596\/revisions\/29598"}],"wp:featuredmedia":[{"embeddable":true,"href":"https:\/\/www.ayuntamientodeharia.com\/haria\/wp-json\/wp\/v2\/media\/29597"}],"wp:attachment":[{"href":"https:\/\/www.ayuntamientodeharia.com\/haria\/wp-json\/wp\/v2\/media?parent=29596"}],"wp:term":[{"taxonomy":"category","embeddable":true,"href":"https:\/\/www.ayuntamientodeharia.com\/haria\/wp-json\/wp\/v2\/categories?post=29596"},{"taxonomy":"post_tag","embeddable":true,"href":"https:\/\/www.ayuntamientodeharia.com\/haria\/wp-json\/wp\/v2\/tags?post=29596"}],"curies":[{"name":"wp","href":"https:\/\/api.w.org\/{rel}","templated":true}]}}