{"id":29384,"date":"2024-03-07T09:35:03","date_gmt":"2024-03-07T09:35:03","guid":{"rendered":"https:\/\/www.ayuntamientodeharia.com\/haria\/?p=29384"},"modified":"2024-03-07T09:35:03","modified_gmt":"2024-03-07T09:35:03","slug":"haria-conmemora-el-dia-internacional-de-la-mujer-con-actividades-que-reivindican-la-igualdad","status":"publish","type":"post","link":"https:\/\/www.ayuntamientodeharia.com\/haria\/haria-conmemora-el-dia-internacional-de-la-mujer-con-actividades-que-reivindican-la-igualdad\/","title":{"rendered":"Har\u00eda conmemora el D\u00eda Internacional de la Mujer con actividades que reivindican la igualdad"},"content":{"rendered":"<p><b><i>El Ayuntamiento, que iluminar\u00e1 su fachada de color morado, ha organizado, entre otros actos, un coloquio, una mesa redonda y una obra de teatro dirigida a j\u00f3venes estudiantes<\/i><\/b><\/p>\n<p><span style=\"font-weight: 400;\">El Ayuntamiento de Har\u00eda, a trav\u00e9s del \u00c1rea de Igualdad, que dirige la concejala Nuria Esther Acu\u00f1a, ha organizado un amplio programa de actividades para conmemorar el D\u00eda Internacional de la Mujer que se celebra este viernes, 8 de marzo.\u00a0<\/span><\/p>\n<p><span style=\"font-weight: 400;\">Acu\u00f1a explica que \u201cel objetivo de esta celebraci\u00f3n es seguir dando visibilidad a las mujeres, a sus batallas y a sus innumerables logros, poniendo especial \u00e9nfasis en reflexionar sobre los avances y desaf\u00edos que a\u00fan tenemos pendientes para lograr, entre todos y todas, un mundo m\u00e1s equitativo\u201d.\u00a0<\/span><\/p>\n<p><span style=\"font-weight: 400;\">La concejala de Igualdad a\u00f1ade que \u201cdesde el Consistorio hemos dise\u00f1ado un completo programa de actos para reivindicar el papel de las mujeres y seguir trabajando en las pol\u00edticas de igualdad\u201d.<\/span><\/p>\n<p><span style=\"font-weight: 400;\">Los actos comenzar\u00e1n este jueves, a las 18:30 horas, con la charla coloquio denominada \u2018Atenci\u00f3n a la Mujer\u2019, a cargo de la Guardia Civil en el Centro Sociocultural La Tegala. Seguidamente, a las 19<\/span><span style=\"font-weight: 400;\">:00 horas, <\/span><span style=\"font-weight: 400;\">se celebrar\u00e1 la mesa redonda \u2018Palabras de Mujer\u2019, donde varias vecinas del municipio de Har\u00eda expondr\u00e1n su testimonio que, sin duda, servir\u00e1 como ejemplo y espejo donde otras mujeres podr\u00e1n mirarse.<\/span><\/p>\n<p><span style=\"font-weight: 400;\">La jornada del viernes, 8 de marzo, arrancar\u00e1 a las 11:45 horas en el Centro Sociocultural La Tegala con la representaci\u00f3n teatral <\/span><i><span style=\"font-weight: 400;\">Las mujeres de C\u00e9sar<\/span><\/i><span style=\"font-weight: 400;\">, a cargo de Carmen Barreto y que estar\u00e1 dirigida al alumnado del IES Har\u00eda.\u00a0<\/span><\/p>\n<p><span style=\"font-weight: 400;\">Representantes del Ayuntamiento de Har\u00eda tambi\u00e9n participar\u00e1n en la manifestaci\u00f3n y concentraci\u00f3n en Arrecife organizada por el Foro contra la Violencia de G\u00e9nero y la Plataforma Feminista 8 de Marzo de Lanzarote. Asimismo, tambi\u00e9n se llevar\u00e1 a cabo la lectura de diversos manifiestos para la defensa de los derechos y la igualdad de todas las mujeres.\u00a0<\/span><\/p>\n<p><span style=\"font-weight: 400;\">La fachada del Ayuntamiento tambi\u00e9n se iluminar\u00e1 de color morado durante la noche del 8M, como s\u00edmbolo de igualdad.\u00a0<\/span><\/p>\n<p><b>Adhesi\u00f3n a los acuerdos de la Fecam<\/b><\/p>\n<p><span style=\"font-weight: 400;\">El Ayuntamiento de Har\u00eda tambi\u00e9n se adhiere a los acuerdos de la Federaci\u00f3n\u00a0 Canaria de Municipios (Fecam) con el objetivo de consolidar acciones de colaboraci\u00f3n con todas las instituciones p\u00fablicas y agentes sociales apoyando iniciativas de desarrollo local que permitan impulsar soluciones concretas a la desigualdad entre hombres y mujeres.<\/span><\/p>\n<p><span style=\"font-weight: 400;\">Con el permanente compromiso con los derechos humanos, con los derechos de las mujeres, con la igualdad real de oportunidades y construyendo l\u00edneas de actuaci\u00f3n que nos lleven a un mundo libre de violencia, m\u00e1s emprendedor y solidario.<\/span><\/p>\n<p><span style=\"font-weight: 400;\">El objetivo final, tal y como pone de manifiesto la Fecam en su declaraci\u00f3n institucional, es movilizar a la sociedad para participar en actuaciones que eviten el retroceso de los derechos de las mujeres con el fin de conseguir un mundo libre, inclusivo y sin violencia, que no sea un obst\u00e1culo para alcanzar la igualdad, el desarrollo, la paz y el respeto de los derechos humanos de mujeres y ni\u00f1as.<\/span><\/p>\n","protected":false},"excerpt":{"rendered":"<p>El Ayuntamiento, que iluminar\u00e1 su fachada de color morado, ha organizado, entre otros actos, un coloquio, una mesa redonda y una obra de teatro dirigida a j\u00f3venes estudiantes El Ayuntamiento de Har\u00eda, a trav\u00e9s del \u00c1rea de Igualdad, que dirige la concejala Nuria Esther Acu\u00f1a, ha organizado un amplio programa de actividades para conmemorar el [&hellip;]<\/p>\n","protected":false},"author":13,"featured_media":29385,"comment_status":"closed","ping_status":"closed","sticky":false,"template":"","format":"standard","meta":{"footnotes":""},"categories":[425,11,30],"tags":[],"class_list":["post-29384","post","type-post","status-publish","format-standard","has-post-thumbnail","hentry","category-destacado","category-hoja-de-haria","category-igualdad"],"_links":{"self":[{"href":"https:\/\/www.ayuntamientodeharia.com\/haria\/wp-json\/wp\/v2\/posts\/29384","targetHints":{"allow":["GET"]}}],"collection":[{"href":"https:\/\/www.ayuntamientodeharia.com\/haria\/wp-json\/wp\/v2\/posts"}],"about":[{"href":"https:\/\/www.ayuntamientodeharia.com\/haria\/wp-json\/wp\/v2\/types\/post"}],"author":[{"embeddable":true,"href":"https:\/\/www.ayuntamientodeharia.com\/haria\/wp-json\/wp\/v2\/users\/13"}],"replies":[{"embeddable":true,"href":"https:\/\/www.ayuntamientodeharia.com\/haria\/wp-json\/wp\/v2\/comments?post=29384"}],"version-history":[{"count":1,"href":"https:\/\/www.ayuntamientodeharia.com\/haria\/wp-json\/wp\/v2\/posts\/29384\/revisions"}],"predecessor-version":[{"id":29386,"href":"https:\/\/www.ayuntamientodeharia.com\/haria\/wp-json\/wp\/v2\/posts\/29384\/revisions\/29386"}],"wp:featuredmedia":[{"embeddable":true,"href":"https:\/\/www.ayuntamientodeharia.com\/haria\/wp-json\/wp\/v2\/media\/29385"}],"wp:attachment":[{"href":"https:\/\/www.ayuntamientodeharia.com\/haria\/wp-json\/wp\/v2\/media?parent=29384"}],"wp:term":[{"taxonomy":"category","embeddable":true,"href":"https:\/\/www.ayuntamientodeharia.com\/haria\/wp-json\/wp\/v2\/categories?post=29384"},{"taxonomy":"post_tag","embeddable":true,"href":"https:\/\/www.ayuntamientodeharia.com\/haria\/wp-json\/wp\/v2\/tags?post=29384"}],"curies":[{"name":"wp","href":"https:\/\/api.w.org\/{rel}","templated":true}]}}