{"id":29327,"date":"2024-03-01T12:33:03","date_gmt":"2024-03-01T12:33:03","guid":{"rendered":"https:\/\/www.ayuntamientodeharia.com\/haria\/?p=29327"},"modified":"2024-03-04T10:11:42","modified_gmt":"2024-03-04T10:11:42","slug":"buena-aceptacion-de-la-campana-de-vacunacion-e-identificacion-de-perros-y-gatos","status":"publish","type":"post","link":"https:\/\/www.ayuntamientodeharia.com\/haria\/buena-aceptacion-de-la-campana-de-vacunacion-e-identificacion-de-perros-y-gatos\/","title":{"rendered":"Buena aceptaci\u00f3n de la campa\u00f1a de vacunaci\u00f3n e identificaci\u00f3n de perros y gatos"},"content":{"rendered":"<p><span style=\"font-weight: 400;\">El \u00c1rea de Bienestar Animal, dirigida por Marcos Lemes, confirma la gran acogida de la campa\u00f1a de vacunaci\u00f3n e identificaci\u00f3n de perros y gatos con el objetivo de promover la salud y el bienestar de las mascotas.<\/span><\/p>\n<p><span style=\"font-weight: 400;\">En colaboraci\u00f3n con la cl\u00ednica veterinaria El Norte, esta importante campa\u00f1a arranc\u00f3 el domingo, 18 de febrero, en los centros socioculturales de las localidades de Har\u00eda, M\u00e1guez, Ye y Guinate, durante esta primera jornada se vacunaron e identificaron 70 perros y 4 gatos.<\/span><\/p>\n<p><span style=\"font-weight: 400;\">La campa\u00f1a continu\u00f3 en \u00d3rzola, Mala y Tabayesco el domingo, 25 de febrero, siendo 60 animales los que fueron atendidos.<\/span><\/p>\n<p><span style=\"font-weight: 400;\">Recordamos a nuestros residentes que el pr\u00f3ximo d\u00eda 3 de marzo estaremos en las localidades de Arrieta y Punta Mujeres en los Centros Socioculturales<\/span><\/p>\n<p><span style=\"font-weight: 400;\">Las personas interesadas en vacunar e identificar a sus mascotas deber\u00e1n solicitar cita previa a trav\u00e9s del tel\u00e9fono 648 26 51 88 en horario de 12:30 horas a 14:30 horas de lunes a viernes. El coste por el servicio de vacunaci\u00f3n contra la rabia es de 15 euros, mientras que el microchip cuesta 20 euros.<\/span><\/p>\n<p>&nbsp;<\/p>\n<p><img fetchpriority=\"high\" decoding=\"async\" class=\"alignnone size-medium wp-image-29331\" src=\"https:\/\/www.ayuntamientodeharia.com\/haria\/wp-content\/uploads\/2024\/03\/campana-vacunacion-perros-450x203.jpeg\" alt=\"\" width=\"450\" height=\"203\" srcset=\"https:\/\/www.ayuntamientodeharia.com\/haria\/wp-content\/uploads\/2024\/03\/campana-vacunacion-perros-450x203.jpeg 450w, https:\/\/www.ayuntamientodeharia.com\/haria\/wp-content\/uploads\/2024\/03\/campana-vacunacion-perros-1038x467.jpeg 1038w, https:\/\/www.ayuntamientodeharia.com\/haria\/wp-content\/uploads\/2024\/03\/campana-vacunacion-perros-768x346.jpeg 768w, https:\/\/www.ayuntamientodeharia.com\/haria\/wp-content\/uploads\/2024\/03\/campana-vacunacion-perros-550x248.jpeg 550w, https:\/\/www.ayuntamientodeharia.com\/haria\/wp-content\/uploads\/2024\/03\/campana-vacunacion-perros-1536x691.jpeg 1536w, https:\/\/www.ayuntamientodeharia.com\/haria\/wp-content\/uploads\/2024\/03\/campana-vacunacion-perros.jpeg 2000w\" sizes=\"(max-width: 450px) 100vw, 450px\" \/>\u00a0 \u00a0 \u00a0 <img decoding=\"async\" class=\"alignnone size-medium wp-image-29351\" src=\"https:\/\/www.ayuntamientodeharia.com\/haria\/wp-content\/uploads\/2024\/03\/WhatsApp-Image-2024-02-25-at-18.50.44-372x450.jpeg\" alt=\"\" width=\"372\" height=\"450\" srcset=\"https:\/\/www.ayuntamientodeharia.com\/haria\/wp-content\/uploads\/2024\/03\/WhatsApp-Image-2024-02-25-at-18.50.44-372x450.jpeg 372w, https:\/\/www.ayuntamientodeharia.com\/haria\/wp-content\/uploads\/2024\/03\/WhatsApp-Image-2024-02-25-at-18.50.44-858x1038.jpeg 858w, https:\/\/www.ayuntamientodeharia.com\/haria\/wp-content\/uploads\/2024\/03\/WhatsApp-Image-2024-02-25-at-18.50.44-768x929.jpeg 768w, https:\/\/www.ayuntamientodeharia.com\/haria\/wp-content\/uploads\/2024\/03\/WhatsApp-Image-2024-02-25-at-18.50.44-341x412.jpeg 341w, https:\/\/www.ayuntamientodeharia.com\/haria\/wp-content\/uploads\/2024\/03\/WhatsApp-Image-2024-02-25-at-18.50.44-1270x1536.jpeg 1270w, https:\/\/www.ayuntamientodeharia.com\/haria\/wp-content\/uploads\/2024\/03\/WhatsApp-Image-2024-02-25-at-18.50.44.jpeg 1693w\" sizes=\"(max-width: 372px) 100vw, 372px\" \/><\/p>\n","protected":false},"excerpt":{"rendered":"<p>El \u00c1rea de Bienestar Animal, dirigida por Marcos Lemes, confirma la gran acogida de la campa\u00f1a de vacunaci\u00f3n e identificaci\u00f3n de perros y gatos con el objetivo de promover la salud y el bienestar de las mascotas. En colaboraci\u00f3n con la cl\u00ednica veterinaria El Norte, esta importante campa\u00f1a arranc\u00f3 el domingo, 18 de febrero, en [&hellip;]<\/p>\n","protected":false},"author":13,"featured_media":29351,"comment_status":"closed","ping_status":"closed","sticky":false,"template":"","format":"standard","meta":{"footnotes":""},"categories":[11,99],"tags":[],"class_list":["post-29327","post","type-post","status-publish","format-standard","has-post-thumbnail","hentry","category-hoja-de-haria","category-tenencia-de-animales"],"_links":{"self":[{"href":"https:\/\/www.ayuntamientodeharia.com\/haria\/wp-json\/wp\/v2\/posts\/29327","targetHints":{"allow":["GET"]}}],"collection":[{"href":"https:\/\/www.ayuntamientodeharia.com\/haria\/wp-json\/wp\/v2\/posts"}],"about":[{"href":"https:\/\/www.ayuntamientodeharia.com\/haria\/wp-json\/wp\/v2\/types\/post"}],"author":[{"embeddable":true,"href":"https:\/\/www.ayuntamientodeharia.com\/haria\/wp-json\/wp\/v2\/users\/13"}],"replies":[{"embeddable":true,"href":"https:\/\/www.ayuntamientodeharia.com\/haria\/wp-json\/wp\/v2\/comments?post=29327"}],"version-history":[{"count":3,"href":"https:\/\/www.ayuntamientodeharia.com\/haria\/wp-json\/wp\/v2\/posts\/29327\/revisions"}],"predecessor-version":[{"id":29352,"href":"https:\/\/www.ayuntamientodeharia.com\/haria\/wp-json\/wp\/v2\/posts\/29327\/revisions\/29352"}],"wp:featuredmedia":[{"embeddable":true,"href":"https:\/\/www.ayuntamientodeharia.com\/haria\/wp-json\/wp\/v2\/media\/29351"}],"wp:attachment":[{"href":"https:\/\/www.ayuntamientodeharia.com\/haria\/wp-json\/wp\/v2\/media?parent=29327"}],"wp:term":[{"taxonomy":"category","embeddable":true,"href":"https:\/\/www.ayuntamientodeharia.com\/haria\/wp-json\/wp\/v2\/categories?post=29327"},{"taxonomy":"post_tag","embeddable":true,"href":"https:\/\/www.ayuntamientodeharia.com\/haria\/wp-json\/wp\/v2\/tags?post=29327"}],"curies":[{"name":"wp","href":"https:\/\/api.w.org\/{rel}","templated":true}]}}