{"id":29288,"date":"2024-02-25T21:48:38","date_gmt":"2024-02-25T21:48:38","guid":{"rendered":"https:\/\/www.ayuntamientodeharia.com\/haria\/?p=29288"},"modified":"2024-03-01T11:08:50","modified_gmt":"2024-03-01T11:08:50","slug":"el-ayuntamiento-de-haria-destaca-el-exito-y-la-gran-acogida-de-su-carnaval-mejicano","status":"publish","type":"post","link":"https:\/\/www.ayuntamientodeharia.com\/haria\/el-ayuntamiento-de-haria-destaca-el-exito-y-la-gran-acogida-de-su-carnaval-mejicano\/","title":{"rendered":"El Ayuntamiento de Har\u00eda destaca el \u00e9xito y la gran acogida de su Carnaval Mejicano"},"content":{"rendered":"<p><b><i>Entre los actos destacaron el gran Coso Inclusivo, con la participaci\u00f3n de todos los centros educativos de la isla, y las verbenas con las orquestas <\/i><\/b><b>\u2018Banda Nueva\u2019 <\/b><b><i>y <\/i><\/b><b>\u2018Maquinaria Band\u2019\u00a0<\/b><\/p>\n<p><span style=\"font-weight: 400;\">El municipio de Har\u00eda ha concluido, con un gran \u00e9xito de participaci\u00f3n, sus fiestas de Carnaval de este a\u00f1o. Tras un vibrante fin de semana, Har\u00eda despide sus carnestolendas bajo la alegor\u00eda dedicada a \u2018M\u00e9jico\u2019 con una amplia y variada programaci\u00f3n dirigida a todos los p\u00fablicos.<\/span><\/p>\n<p><span style=\"font-weight: 400;\">Desde el grupo de Gobierno de Har\u00eda han resaltado la gran acogida que ha tenido este a\u00f1o estas fiestas que arrancaron con el Coso Insular Inclusivo, que ha sido un completo \u00e9xito, donde participaron todos los centros educativos de la isla y sus diferentes Aulas Enclave. Tambi\u00e9n destac\u00f3 la celebraci\u00f3n del Carnaval de Mayores que se celebr\u00f3 en el Centro Sociocultural La Tegala.<\/span><\/p>\n<p><span style=\"font-weight: 400;\">La Plaza de Har\u00eda fue el escenario de la gran Gala Inaugural del Carnaval,\u00a0 adem\u00e1s tambi\u00e9n se celebr\u00f3 el divertido y tradicional Pasaplaza y las animadas verbenas que contaron con la m\u00fasica de las orquestas <\/span><i><span style=\"font-weight: 400;\">Banda Nueva<\/span><\/i><span style=\"font-weight: 400;\">,<\/span><i><span style=\"font-weight: 400;\"> Maquinaria Band<\/span><\/i><span style=\"font-weight: 400;\"> y las actuaciones del DJ Javi Fajardo y Juan Manuel La L\u00ednea.<\/span><\/p>\n<p><span style=\"font-weight: 400;\">El grupo de Gobierno norte\u00f1o ha querido agradecer la dedicaci\u00f3n e implicaci\u00f3n del personal del Ayuntamiento para que estos carnavales se desarrollen con \u00e9xito, as\u00ed como el extraordinario trabajo realizado por las Fuerzas y Cuerpos de Seguridad del Estado, Protecci\u00f3n Civil y Cruz Roja, que han velado en todo momento por la seguridad de todos.<\/span><\/p>\n<p><span style=\"font-weight: 400;\"> <img fetchpriority=\"high\" decoding=\"async\" class=\"alignnone size-medium wp-image-29293\" src=\"https:\/\/www.ayuntamientodeharia.com\/haria\/wp-content\/uploads\/2024\/02\/Carnaval-Haria-5-450x299.jpeg\" alt=\"\" width=\"450\" height=\"299\" srcset=\"https:\/\/www.ayuntamientodeharia.com\/haria\/wp-content\/uploads\/2024\/02\/Carnaval-Haria-5-450x299.jpeg 450w, https:\/\/www.ayuntamientodeharia.com\/haria\/wp-content\/uploads\/2024\/02\/Carnaval-Haria-5-1038x691.jpeg 1038w, https:\/\/www.ayuntamientodeharia.com\/haria\/wp-content\/uploads\/2024\/02\/Carnaval-Haria-5-768x511.jpeg 768w, https:\/\/www.ayuntamientodeharia.com\/haria\/wp-content\/uploads\/2024\/02\/Carnaval-Haria-5-550x366.jpeg 550w, https:\/\/www.ayuntamientodeharia.com\/haria\/wp-content\/uploads\/2024\/02\/Carnaval-Haria-5-1536x1022.jpeg 1536w, https:\/\/www.ayuntamientodeharia.com\/haria\/wp-content\/uploads\/2024\/02\/Carnaval-Haria-5.jpeg 2015w\" sizes=\"(max-width: 450px) 100vw, 450px\" \/> <img decoding=\"async\" class=\"alignnone size-medium wp-image-29292\" src=\"https:\/\/www.ayuntamientodeharia.com\/haria\/wp-content\/uploads\/2024\/02\/Carnaval-Haria-4-450x299.jpeg\" alt=\"\" width=\"450\" height=\"299\" srcset=\"https:\/\/www.ayuntamientodeharia.com\/haria\/wp-content\/uploads\/2024\/02\/Carnaval-Haria-4-450x299.jpeg 450w, https:\/\/www.ayuntamientodeharia.com\/haria\/wp-content\/uploads\/2024\/02\/Carnaval-Haria-4-1038x691.jpeg 1038w, https:\/\/www.ayuntamientodeharia.com\/haria\/wp-content\/uploads\/2024\/02\/Carnaval-Haria-4-768x511.jpeg 768w, https:\/\/www.ayuntamientodeharia.com\/haria\/wp-content\/uploads\/2024\/02\/Carnaval-Haria-4-550x366.jpeg 550w, https:\/\/www.ayuntamientodeharia.com\/haria\/wp-content\/uploads\/2024\/02\/Carnaval-Haria-4-1536x1022.jpeg 1536w, https:\/\/www.ayuntamientodeharia.com\/haria\/wp-content\/uploads\/2024\/02\/Carnaval-Haria-4.jpeg 2015w\" sizes=\"(max-width: 450px) 100vw, 450px\" \/> <img decoding=\"async\" class=\"alignnone size-medium wp-image-29291\" src=\"https:\/\/www.ayuntamientodeharia.com\/haria\/wp-content\/uploads\/2024\/02\/Carnaval-Haria-3-450x299.jpeg\" alt=\"\" width=\"450\" height=\"299\" srcset=\"https:\/\/www.ayuntamientodeharia.com\/haria\/wp-content\/uploads\/2024\/02\/Carnaval-Haria-3-450x299.jpeg 450w, https:\/\/www.ayuntamientodeharia.com\/haria\/wp-content\/uploads\/2024\/02\/Carnaval-Haria-3-1038x691.jpeg 1038w, https:\/\/www.ayuntamientodeharia.com\/haria\/wp-content\/uploads\/2024\/02\/Carnaval-Haria-3-768x511.jpeg 768w, https:\/\/www.ayuntamientodeharia.com\/haria\/wp-content\/uploads\/2024\/02\/Carnaval-Haria-3-550x366.jpeg 550w, https:\/\/www.ayuntamientodeharia.com\/haria\/wp-content\/uploads\/2024\/02\/Carnaval-Haria-3-1536x1022.jpeg 1536w, https:\/\/www.ayuntamientodeharia.com\/haria\/wp-content\/uploads\/2024\/02\/Carnaval-Haria-3.jpeg 2015w\" sizes=\"(max-width: 450px) 100vw, 450px\" \/> <img loading=\"lazy\" decoding=\"async\" class=\"alignnone size-medium wp-image-29289\" src=\"https:\/\/www.ayuntamientodeharia.com\/haria\/wp-content\/uploads\/2024\/02\/Carnaval-Haria-1-450x299.jpeg\" alt=\"\" width=\"450\" height=\"299\" srcset=\"https:\/\/www.ayuntamientodeharia.com\/haria\/wp-content\/uploads\/2024\/02\/Carnaval-Haria-1-450x299.jpeg 450w, https:\/\/www.ayuntamientodeharia.com\/haria\/wp-content\/uploads\/2024\/02\/Carnaval-Haria-1-1038x691.jpeg 1038w, https:\/\/www.ayuntamientodeharia.com\/haria\/wp-content\/uploads\/2024\/02\/Carnaval-Haria-1-768x511.jpeg 768w, https:\/\/www.ayuntamientodeharia.com\/haria\/wp-content\/uploads\/2024\/02\/Carnaval-Haria-1-550x366.jpeg 550w, https:\/\/www.ayuntamientodeharia.com\/haria\/wp-content\/uploads\/2024\/02\/Carnaval-Haria-1-1536x1022.jpeg 1536w, https:\/\/www.ayuntamientodeharia.com\/haria\/wp-content\/uploads\/2024\/02\/Carnaval-Haria-1.jpeg 2015w\" sizes=\"(max-width: 450px) 100vw, 450px\" \/><img loading=\"lazy\" decoding=\"async\" class=\"alignnone wp-image-29294\" src=\"https:\/\/www.ayuntamientodeharia.com\/haria\/wp-content\/uploads\/2024\/02\/Carnaval-Haria-6-450x446.jpeg\" alt=\"\" width=\"388\" height=\"385\" srcset=\"https:\/\/www.ayuntamientodeharia.com\/haria\/wp-content\/uploads\/2024\/02\/Carnaval-Haria-6-450x446.jpeg 450w, https:\/\/www.ayuntamientodeharia.com\/haria\/wp-content\/uploads\/2024\/02\/Carnaval-Haria-6-1038x1028.jpeg 1038w, https:\/\/www.ayuntamientodeharia.com\/haria\/wp-content\/uploads\/2024\/02\/Carnaval-Haria-6-150x150.jpeg 150w, https:\/\/www.ayuntamientodeharia.com\/haria\/wp-content\/uploads\/2024\/02\/Carnaval-Haria-6-768x761.jpeg 768w, https:\/\/www.ayuntamientodeharia.com\/haria\/wp-content\/uploads\/2024\/02\/Carnaval-Haria-6-416x412.jpeg 416w, https:\/\/www.ayuntamientodeharia.com\/haria\/wp-content\/uploads\/2024\/02\/Carnaval-Haria-6.jpeg 1200w\" sizes=\"(max-width: 388px) 100vw, 388px\" \/><\/span><\/p>\n","protected":false},"excerpt":{"rendered":"<p>Entre los actos destacaron el gran Coso Inclusivo, con la participaci\u00f3n de todos los centros educativos de la isla, y las verbenas con las orquestas \u2018Banda Nueva\u2019 y \u2018Maquinaria Band\u2019\u00a0 El municipio de Har\u00eda ha concluido, con un gran \u00e9xito de participaci\u00f3n, sus fiestas de Carnaval de este a\u00f1o. Tras un vibrante fin de semana, [&hellip;]<\/p>\n","protected":false},"author":13,"featured_media":29290,"comment_status":"closed","ping_status":"closed","sticky":false,"template":"","format":"standard","meta":{"footnotes":""},"categories":[425,15,11],"tags":[],"class_list":["post-29288","post","type-post","status-publish","format-standard","has-post-thumbnail","hentry","category-destacado","category-festejos","category-hoja-de-haria"],"_links":{"self":[{"href":"https:\/\/www.ayuntamientodeharia.com\/haria\/wp-json\/wp\/v2\/posts\/29288","targetHints":{"allow":["GET"]}}],"collection":[{"href":"https:\/\/www.ayuntamientodeharia.com\/haria\/wp-json\/wp\/v2\/posts"}],"about":[{"href":"https:\/\/www.ayuntamientodeharia.com\/haria\/wp-json\/wp\/v2\/types\/post"}],"author":[{"embeddable":true,"href":"https:\/\/www.ayuntamientodeharia.com\/haria\/wp-json\/wp\/v2\/users\/13"}],"replies":[{"embeddable":true,"href":"https:\/\/www.ayuntamientodeharia.com\/haria\/wp-json\/wp\/v2\/comments?post=29288"}],"version-history":[{"count":4,"href":"https:\/\/www.ayuntamientodeharia.com\/haria\/wp-json\/wp\/v2\/posts\/29288\/revisions"}],"predecessor-version":[{"id":29298,"href":"https:\/\/www.ayuntamientodeharia.com\/haria\/wp-json\/wp\/v2\/posts\/29288\/revisions\/29298"}],"wp:featuredmedia":[{"embeddable":true,"href":"https:\/\/www.ayuntamientodeharia.com\/haria\/wp-json\/wp\/v2\/media\/29290"}],"wp:attachment":[{"href":"https:\/\/www.ayuntamientodeharia.com\/haria\/wp-json\/wp\/v2\/media?parent=29288"}],"wp:term":[{"taxonomy":"category","embeddable":true,"href":"https:\/\/www.ayuntamientodeharia.com\/haria\/wp-json\/wp\/v2\/categories?post=29288"},{"taxonomy":"post_tag","embeddable":true,"href":"https:\/\/www.ayuntamientodeharia.com\/haria\/wp-json\/wp\/v2\/tags?post=29288"}],"curies":[{"name":"wp","href":"https:\/\/api.w.org\/{rel}","templated":true}]}}