{"id":29133,"date":"2024-02-12T15:28:22","date_gmt":"2024-02-12T15:28:22","guid":{"rendered":"https:\/\/www.ayuntamientodeharia.com\/haria\/?p=29133"},"modified":"2024-02-16T09:38:05","modified_gmt":"2024-02-16T09:38:05","slug":"haria-felicita-a-mari-carmen-dorta-tras-ser-elegida-soberana-del-carnaval-de-mayores-de-lanzarote","status":"publish","type":"post","link":"https:\/\/www.ayuntamientodeharia.com\/haria\/haria-felicita-a-mari-carmen-dorta-tras-ser-elegida-soberana-del-carnaval-de-mayores-de-lanzarote\/","title":{"rendered":"Har\u00eda felicita a Mari Carmen Dorta tras ser elegida Soberana del Carnaval de Mayores de Lanzarote"},"content":{"rendered":"<p><b><i>La candidata, en representaci\u00f3n del municipio de Har\u00eda, se alz\u00f3 con el primer premio de esta Gala organizada por todos los Ayuntamientos de la isla y el Cabildo<\/i><\/b><\/p>\n<p><b><i>El Ayuntamiento tambi\u00e9n anuncia el programa de los carnavales norte\u00f1os que arrancar\u00e1n el pr\u00f3ximo viernes 23 de febrero<\/i><\/b><\/p>\n<p><span style=\"font-weight: 400;\">El Ayuntamiento de Har\u00eda ha felicitado a Mari Carmen Dorta, tras ser elegida este fin de semana Soberana del Carnaval de Mayores de Lanzarote en representaci\u00f3n del municipio norte\u00f1o.<\/span><\/p>\n<p><span style=\"font-weight: 400;\">Desde el consistorio tambi\u00e9n han trasladado sus felicitaciones al resto de candidatas premiadas en una gala organizada por todos los ayuntamientos y el Cabildo de Lanzarote.<\/span><\/p>\n<p><span style=\"font-weight: 400;\">Asimismo, el Ayuntamiento de Har\u00eda, a trav\u00e9s del \u00c1rea de Festejos que coordina Alberto de Le\u00f3n, ha dise\u00f1ado un completo programa de actividades para el disfrute de los vecinos y vecinas de todas las edades con motivo del Carnaval 2024, que girar\u00e1 en torno a la cultura mexicana.\u00a0<\/span><\/p>\n<p><span style=\"font-weight: 400;\">El alcalde de Har\u00eda, Alfredo Villalba, invita \u201ca participar un a\u00f1o m\u00e1s en estos carnavales tradicionales que celebramos en el norte con un gran ambiente de participaci\u00f3n\u201d, junto al resto de los lanzarote\u00f1os y gracioseros.<\/span><\/p>\n<p><span style=\"font-weight: 400;\">Por su parte, el concejal de Festejos, Alberto de Le\u00f3n, afirma que \u201cse ha elaborado un programa que contar\u00e1 con diversas actividades en las que podr\u00e1 participar el p\u00fablico de todas las edades\u201d.<\/span><\/p>\n<p><span style=\"font-weight: 400;\">El programa comenzar\u00e1 el viernes, 23 de febrero, con la presentaci\u00f3n de \u2018Diver\u2019, la mascota de la diversidad, representativa de la isla de Lanzarote junto a su autora, Guio Santana, con la actuaci\u00f3n de G\u00fcicho y los participantes de las batucadas escolares. El acto terminar\u00e1 con un baile carnavalero.\u00a0\u00a0<\/span><\/p>\n<p><span style=\"font-weight: 400;\">A partir de las 17:00 horas, tendr\u00e1 lugar el Carnaval de los Mayores, una fiesta para los m\u00e1s adultos del municipio en el Centro Sociocultural La Tegala. M\u00e1s adelante se continuar\u00e1 con la Gala Inaugural del Carnaval en la Plaza de Har\u00eda y se finalizar\u00e1 el d\u00eda con la actuaci\u00f3n de las orquestas Banda Nueva y Maquinaria Band.\u00a0<\/span><\/p>\n<p><span style=\"font-weight: 400;\">El s\u00e1bado 24 de febrero, a las 12:00 horas, dar\u00e1 comienzo el Pasaplaza y, a partir de las 18:00 horas, comenzar\u00e1 el coso del Carnaval con el desfile de carrozas, comparsas, batucadas y un gran n\u00famero de mascaritas. La salida ser\u00e1 desde los aparcamientos del cementerio finalizando en la Plaza de Har\u00eda. El programa concluir\u00e1 con el DJ Javi Fajardo, Juan Manuel La L\u00ednea con Maquinaria Band y Banda Nueva en la verbena del Carnaval. <\/span><\/p>\n","protected":false},"excerpt":{"rendered":"<p>La candidata, en representaci\u00f3n del municipio de Har\u00eda, se alz\u00f3 con el primer premio de esta Gala organizada por todos los Ayuntamientos de la isla y el Cabildo El Ayuntamiento tambi\u00e9n anuncia el programa de los carnavales norte\u00f1os que arrancar\u00e1n el pr\u00f3ximo viernes 23 de febrero El Ayuntamiento de Har\u00eda ha felicitado a Mari Carmen [&hellip;]<\/p>\n","protected":false},"author":13,"featured_media":29134,"comment_status":"closed","ping_status":"closed","sticky":false,"template":"","format":"standard","meta":{"footnotes":""},"categories":[425,15,11],"tags":[],"class_list":["post-29133","post","type-post","status-publish","format-standard","has-post-thumbnail","hentry","category-destacado","category-festejos","category-hoja-de-haria"],"_links":{"self":[{"href":"https:\/\/www.ayuntamientodeharia.com\/haria\/wp-json\/wp\/v2\/posts\/29133","targetHints":{"allow":["GET"]}}],"collection":[{"href":"https:\/\/www.ayuntamientodeharia.com\/haria\/wp-json\/wp\/v2\/posts"}],"about":[{"href":"https:\/\/www.ayuntamientodeharia.com\/haria\/wp-json\/wp\/v2\/types\/post"}],"author":[{"embeddable":true,"href":"https:\/\/www.ayuntamientodeharia.com\/haria\/wp-json\/wp\/v2\/users\/13"}],"replies":[{"embeddable":true,"href":"https:\/\/www.ayuntamientodeharia.com\/haria\/wp-json\/wp\/v2\/comments?post=29133"}],"version-history":[{"count":1,"href":"https:\/\/www.ayuntamientodeharia.com\/haria\/wp-json\/wp\/v2\/posts\/29133\/revisions"}],"predecessor-version":[{"id":29135,"href":"https:\/\/www.ayuntamientodeharia.com\/haria\/wp-json\/wp\/v2\/posts\/29133\/revisions\/29135"}],"wp:featuredmedia":[{"embeddable":true,"href":"https:\/\/www.ayuntamientodeharia.com\/haria\/wp-json\/wp\/v2\/media\/29134"}],"wp:attachment":[{"href":"https:\/\/www.ayuntamientodeharia.com\/haria\/wp-json\/wp\/v2\/media?parent=29133"}],"wp:term":[{"taxonomy":"category","embeddable":true,"href":"https:\/\/www.ayuntamientodeharia.com\/haria\/wp-json\/wp\/v2\/categories?post=29133"},{"taxonomy":"post_tag","embeddable":true,"href":"https:\/\/www.ayuntamientodeharia.com\/haria\/wp-json\/wp\/v2\/tags?post=29133"}],"curies":[{"name":"wp","href":"https:\/\/api.w.org\/{rel}","templated":true}]}}