{"id":28952,"date":"2024-01-19T12:42:40","date_gmt":"2024-01-19T12:42:40","guid":{"rendered":"https:\/\/www.ayuntamientodeharia.com\/haria\/?p=28952"},"modified":"2024-01-19T12:42:40","modified_gmt":"2024-01-19T12:42:40","slug":"haria-sede-de-la-mesa-de-alcaldes-y-alcaldesa-de-lanzarote","status":"publish","type":"post","link":"https:\/\/www.ayuntamientodeharia.com\/haria\/haria-sede-de-la-mesa-de-alcaldes-y-alcaldesa-de-lanzarote\/","title":{"rendered":"Har\u00eda, sede de la Mesa de Alcaldes y Alcaldesa de Lanzarote"},"content":{"rendered":"<p><span style=\"font-weight: 400;\">El Ayuntamiento de Har\u00eda acogi\u00f3 en la ma\u00f1ana de este jueves la Mesa de Alcaldes y Alcaldesas de Lanzarote, que fue presidido por el presidente del Cabildo de Lanzarote, Oswaldo Betancort.<\/span><\/p>\n<p><span style=\"font-weight: 400;\">Durante el encuentro, los representantes municipales de todos los municipios de la isla tuvieron la oportunidad de abordar numerosos asuntos relacionados con el planeamiento insular, el ciclo integral del agua, el transporte p\u00fablico o la situaci\u00f3n del palmeral de la isla, entre otros temas prioritarios para la isla, con el fin de buscar estrategias y soluciones conjuntas para mejorar la calidad de vida de los lanzarote\u00f1os y gracioseros.\u00a0<\/span><\/p>\n<p><span style=\"font-weight: 400;\">El grupo de gobierno de Har\u00eda, expres\u00f3 su satisfacci\u00f3n porque el municipio acogiera esta importante Mesa de Alcaldes y Alcaldesas, \u201cque permite analizar de forma conjunta los principales retos a los que se enfrenta nuestra isla y los siete municipios, al tiempo que fomenta la cooperaci\u00f3n interadministrativa\u201d. \u201cEstoy seguro que esta reuni\u00f3n contribuir\u00e1 significativamente al progreso y bienestar com\u00fan de todos los lanzarote\u00f1os y lanzarote\u00f1as&#8221;.<\/span><\/p>\n<p><span style=\"font-weight: 400;\">Asimismo, los alcaldes y la alcaldesas tambi\u00e9n analizaron los efectos de la inmigraci\u00f3n Lanzarote, as\u00ed como la recuperaci\u00f3n y la reforma del albergue de La Santa. En el orden del d\u00eda tambi\u00e9n se inclu\u00eda la reparaci\u00f3n de los caminos rurales de la isla; la gratuidad del agua para los agricultores profesionales, proyectos de regad\u00edo; la gesti\u00f3n de los residuos, adem\u00e1s de la coordinaci\u00f3n y colaboraci\u00f3n entre todas las administraciones locales y el Cabildo de Lanzarote.<\/span><\/p>\n<p>&nbsp;<\/p>\n","protected":false},"excerpt":{"rendered":"<p>El Ayuntamiento de Har\u00eda acogi\u00f3 en la ma\u00f1ana de este jueves la Mesa de Alcaldes y Alcaldesas de Lanzarote, que fue presidido por el presidente del Cabildo de Lanzarote, Oswaldo Betancort. Durante el encuentro, los representantes municipales de todos los municipios de la isla tuvieron la oportunidad de abordar numerosos asuntos relacionados con el planeamiento [&hellip;]<\/p>\n","protected":false},"author":13,"featured_media":28953,"comment_status":"closed","ping_status":"closed","sticky":false,"template":"","format":"standard","meta":{"footnotes":""},"categories":[73,425],"tags":[],"class_list":["post-28952","post","type-post","status-publish","format-standard","has-post-thumbnail","hentry","category-alcaldia","category-destacado"],"_links":{"self":[{"href":"https:\/\/www.ayuntamientodeharia.com\/haria\/wp-json\/wp\/v2\/posts\/28952","targetHints":{"allow":["GET"]}}],"collection":[{"href":"https:\/\/www.ayuntamientodeharia.com\/haria\/wp-json\/wp\/v2\/posts"}],"about":[{"href":"https:\/\/www.ayuntamientodeharia.com\/haria\/wp-json\/wp\/v2\/types\/post"}],"author":[{"embeddable":true,"href":"https:\/\/www.ayuntamientodeharia.com\/haria\/wp-json\/wp\/v2\/users\/13"}],"replies":[{"embeddable":true,"href":"https:\/\/www.ayuntamientodeharia.com\/haria\/wp-json\/wp\/v2\/comments?post=28952"}],"version-history":[{"count":1,"href":"https:\/\/www.ayuntamientodeharia.com\/haria\/wp-json\/wp\/v2\/posts\/28952\/revisions"}],"predecessor-version":[{"id":28954,"href":"https:\/\/www.ayuntamientodeharia.com\/haria\/wp-json\/wp\/v2\/posts\/28952\/revisions\/28954"}],"wp:featuredmedia":[{"embeddable":true,"href":"https:\/\/www.ayuntamientodeharia.com\/haria\/wp-json\/wp\/v2\/media\/28953"}],"wp:attachment":[{"href":"https:\/\/www.ayuntamientodeharia.com\/haria\/wp-json\/wp\/v2\/media?parent=28952"}],"wp:term":[{"taxonomy":"category","embeddable":true,"href":"https:\/\/www.ayuntamientodeharia.com\/haria\/wp-json\/wp\/v2\/categories?post=28952"},{"taxonomy":"post_tag","embeddable":true,"href":"https:\/\/www.ayuntamientodeharia.com\/haria\/wp-json\/wp\/v2\/tags?post=28952"}],"curies":[{"name":"wp","href":"https:\/\/api.w.org\/{rel}","templated":true}]}}