{"id":28949,"date":"2024-01-19T12:41:15","date_gmt":"2024-01-19T12:41:15","guid":{"rendered":"https:\/\/www.ayuntamientodeharia.com\/haria\/?p=28949"},"modified":"2024-01-19T12:41:15","modified_gmt":"2024-01-19T12:41:15","slug":"la-finca-agroambiental-los-lajares-de-haria-contara-con-un-reglamento-para-regular-su-uso-y-explotacion","status":"publish","type":"post","link":"https:\/\/www.ayuntamientodeharia.com\/haria\/la-finca-agroambiental-los-lajares-de-haria-contara-con-un-reglamento-para-regular-su-uso-y-explotacion\/","title":{"rendered":"La Finca Agroambiental Los Lajares de Har\u00eda contar\u00e1 con un reglamento para regular su uso y explotaci\u00f3n"},"content":{"rendered":"<p><span style=\"font-weight: 400;\">El Bolet\u00edn Oficial de la Provincia de Las Palmas publica la aprobaci\u00f3n inicial de la normativa que se somete desde el jueves, 18 de enero, y durante 30 d\u00edas El Bolet\u00edn Oficial de La Provincia de Las Palmas ha publicado la aprobaci\u00f3n inicial del Reglamento de Uso y Gesti\u00f3n de la Finca Agroambiental Los Lajares del municipio de Har\u00eda, que regular\u00e1 su uso y explotaci\u00f3n.\u00a0<\/span><\/p>\n<p><span style=\"font-weight: 400;\">De este modo, en cumplimiento de lo dispuesto a la legislaci\u00f3n vigente se somete el expediente a informaci\u00f3n p\u00fablica por el plazo de 30 d\u00edas h\u00e1biles a contar desde este jueves, 18 de enero, para que el documento pueda ser examinado y se puedan presentar las alegaciones y reclamaciones oportunas.\u00a0<\/span><\/p>\n<p><span style=\"font-weight: 400;\">Una vez que transcurra este plazo sin que hubiera alegaciones, quedar\u00e1 aprobado, de forma definitiva, el Reglamento, el cual se expondr\u00e1 en el Tabl\u00f3n de Anuncios del Ayuntamiento de Har\u00eda y se publicar\u00e1 en su sede electr\u00f3nica.\u00a0<\/span><\/p>\n<p><span style=\"font-weight: 400;\">El alcalde de Har\u00eda, Alfredo Villalba, afirma que \u201cgracias a este documento no s\u00f3lo vamos a regular el uso y explotaci\u00f3n de la finca sino que se crear\u00e1 el \u00f3rgano de gesti\u00f3n que trabajar\u00e1 con dedicaci\u00f3n espec\u00edfica y con cierto nivel de autonom\u00eda con el fin de garantizar la gesti\u00f3n y experimentaci\u00f3n agraria adem\u00e1s de promover la difusi\u00f3n de los valores patrimoniales de la finca\u201d.\u00a0<\/span><\/p>\n<p><span style=\"font-weight: 400;\">Desde el Ayuntamiento de Har\u00eda recuerdan que \u201cse han acometido distintas labores de rehabilitaci\u00f3n, tanto desde el punto de vista agrario como patrimonial en Los Lajares con el objetivo de darle los usos productivos en materia cient\u00edfico-experimental, uso did\u00e1ctico y recreativo\u201d, apunta Bruno Santana, concejal de las \u00e1reas de Contrataci\u00f3n y coordinaci\u00f3n de proyectos, Oficina T\u00e9cnica y Sector primario.\u00a0<\/span><\/p>\n<p><b>Los Lajares, enclave de inter\u00e9s ambiental, geol\u00f3gico y bot\u00e1nico\u00a0<\/b><\/p>\n<p><span style=\"font-weight: 400;\">La finca Los Lajares, en las faldas del volc\u00e1n de La Corona, es propiedad del Ayuntamiento de Har\u00eda y cuenta con 100.000 metros cuadrados de superficie.\u00a0<\/span><\/p>\n<p><span style=\"font-weight: 400;\">En la actualidad se cultivan vin\u0303edos y diferentes a\u0301rboles frutales mediante un sistema de cultivo u\u0301nico; el cultivo sobre una colada volca\u0301nica que no presenta tierra fe\u0301rtil, por lo que, el agricultor tuvo que traerla para crear suelo cultivable.\u00a0<\/span><\/p>\n<p><span style=\"font-weight: 400;\">Estamos por tanto, ante un paisaje agri\u0301cola u\u0301nico, conocido como Paisaje Agri\u0301cola de La Corona. Los Lajares es un enclave de inter\u00e9s ambiental, geol\u00f3gico, etnogr\u00e1fico y bot\u00e1nico para Lanzarote y no s\u00f3lo se utiliza para la experimentaci\u00f3n y el apoyo agrario, sino tambi\u00e9n para el estudio y la difusi\u00f3n de todos los valores patrimoniales con los que cuenta.<\/span><\/p>\n","protected":false},"excerpt":{"rendered":"<p>El Bolet\u00edn Oficial de la Provincia de Las Palmas publica la aprobaci\u00f3n inicial de la normativa que se somete desde el jueves, 18 de enero, y durante 30 d\u00edas El Bolet\u00edn Oficial de La Provincia de Las Palmas ha publicado la aprobaci\u00f3n inicial del Reglamento de Uso y Gesti\u00f3n de la Finca Agroambiental Los Lajares [&hellip;]<\/p>\n","protected":false},"author":13,"featured_media":28950,"comment_status":"closed","ping_status":"closed","sticky":false,"template":"","format":"standard","meta":{"footnotes":""},"categories":[20,425],"tags":[],"class_list":["post-28949","post","type-post","status-publish","format-standard","has-post-thumbnail","hentry","category-agricultura","category-destacado"],"_links":{"self":[{"href":"https:\/\/www.ayuntamientodeharia.com\/haria\/wp-json\/wp\/v2\/posts\/28949","targetHints":{"allow":["GET"]}}],"collection":[{"href":"https:\/\/www.ayuntamientodeharia.com\/haria\/wp-json\/wp\/v2\/posts"}],"about":[{"href":"https:\/\/www.ayuntamientodeharia.com\/haria\/wp-json\/wp\/v2\/types\/post"}],"author":[{"embeddable":true,"href":"https:\/\/www.ayuntamientodeharia.com\/haria\/wp-json\/wp\/v2\/users\/13"}],"replies":[{"embeddable":true,"href":"https:\/\/www.ayuntamientodeharia.com\/haria\/wp-json\/wp\/v2\/comments?post=28949"}],"version-history":[{"count":1,"href":"https:\/\/www.ayuntamientodeharia.com\/haria\/wp-json\/wp\/v2\/posts\/28949\/revisions"}],"predecessor-version":[{"id":28951,"href":"https:\/\/www.ayuntamientodeharia.com\/haria\/wp-json\/wp\/v2\/posts\/28949\/revisions\/28951"}],"wp:featuredmedia":[{"embeddable":true,"href":"https:\/\/www.ayuntamientodeharia.com\/haria\/wp-json\/wp\/v2\/media\/28950"}],"wp:attachment":[{"href":"https:\/\/www.ayuntamientodeharia.com\/haria\/wp-json\/wp\/v2\/media?parent=28949"}],"wp:term":[{"taxonomy":"category","embeddable":true,"href":"https:\/\/www.ayuntamientodeharia.com\/haria\/wp-json\/wp\/v2\/categories?post=28949"},{"taxonomy":"post_tag","embeddable":true,"href":"https:\/\/www.ayuntamientodeharia.com\/haria\/wp-json\/wp\/v2\/tags?post=28949"}],"curies":[{"name":"wp","href":"https:\/\/api.w.org\/{rel}","templated":true}]}}