{"id":28946,"date":"2024-01-19T12:35:55","date_gmt":"2024-01-19T12:35:55","guid":{"rendered":"https:\/\/www.ayuntamientodeharia.com\/haria\/?p=28946"},"modified":"2024-01-19T12:35:55","modified_gmt":"2024-01-19T12:35:55","slug":"el-ayuntamiento-organiza-la-xiii-carrera-popular-de-tabayesco","status":"publish","type":"post","link":"https:\/\/www.ayuntamientodeharia.com\/haria\/el-ayuntamiento-organiza-la-xiii-carrera-popular-de-tabayesco\/","title":{"rendered":"El Ayuntamiento organiza la XIII Carrera Popular de Tabayesco"},"content":{"rendered":"<p><span style=\"font-weight: 400;\">El Ayuntamiento de Har\u00eda, con la colaboraci\u00f3n de la Comisi\u00f3n de Fiestas y Deportes coordinado por Alberto de Le\u00f3n, organizar\u00e1 en el marco de las Fiestas de la Virgen de la Candelaria la XIII edici\u00f3n de la Carrera Popular de Tabayesco.\u00a0<\/span><\/p>\n<p><span style=\"font-weight: 400;\">Esta se celebrar\u00e1 el pr\u00f3ximo 20 de enero y se llevar\u00e1 a cabo en beneficio del Banco de Alimentos de Har\u00eda.<\/span><\/p>\n<p><span style=\"font-weight: 400;\">La salida ser\u00e1 desde el Teleclub de Tabayesco a partir de las 17:30 horas y el evento contar\u00e1 con dos modalidades:<\/span><\/p>\n<p><span style=\"font-weight: 400;\">Infantil-Mixto (aproximadamente 1 kil\u00f3metro)\u00a0<\/span><\/p>\n<p><span style=\"font-weight: 400;\">Adulto Masculino y Femenino (aproximadamente 7 kil\u00f3metros).\u00a0<\/span><\/p>\n<p><span style=\"font-weight: 400;\">Las inscripciones se realizan en el CSC de Tabayesco en horario de 15:30 a 16:45 horas. Para m\u00e1s informaci\u00f3n, llamar al 928835009, ext. 7, \u00c1rea de Deportes del Ayuntamiento de Har\u00eda.<\/span><\/p>\n<p><span style=\"font-weight: 400;\">La entrega de premios ser\u00e1 efectuada al final de todas las modalidades.<\/span><\/p>\n<p>&nbsp;<\/p>\n","protected":false},"excerpt":{"rendered":"<p>El Ayuntamiento de Har\u00eda, con la colaboraci\u00f3n de la Comisi\u00f3n de Fiestas y Deportes coordinado por Alberto de Le\u00f3n, organizar\u00e1 en el marco de las Fiestas de la Virgen de la Candelaria la XIII edici\u00f3n de la Carrera Popular de Tabayesco.\u00a0 Esta se celebrar\u00e1 el pr\u00f3ximo 20 de enero y se llevar\u00e1 a cabo en [&hellip;]<\/p>\n","protected":false},"author":13,"featured_media":28947,"comment_status":"closed","ping_status":"closed","sticky":false,"template":"","format":"standard","meta":{"footnotes":""},"categories":[17,425],"tags":[],"class_list":["post-28946","post","type-post","status-publish","format-standard","has-post-thumbnail","hentry","category-deportes","category-destacado"],"_links":{"self":[{"href":"https:\/\/www.ayuntamientodeharia.com\/haria\/wp-json\/wp\/v2\/posts\/28946","targetHints":{"allow":["GET"]}}],"collection":[{"href":"https:\/\/www.ayuntamientodeharia.com\/haria\/wp-json\/wp\/v2\/posts"}],"about":[{"href":"https:\/\/www.ayuntamientodeharia.com\/haria\/wp-json\/wp\/v2\/types\/post"}],"author":[{"embeddable":true,"href":"https:\/\/www.ayuntamientodeharia.com\/haria\/wp-json\/wp\/v2\/users\/13"}],"replies":[{"embeddable":true,"href":"https:\/\/www.ayuntamientodeharia.com\/haria\/wp-json\/wp\/v2\/comments?post=28946"}],"version-history":[{"count":1,"href":"https:\/\/www.ayuntamientodeharia.com\/haria\/wp-json\/wp\/v2\/posts\/28946\/revisions"}],"predecessor-version":[{"id":28948,"href":"https:\/\/www.ayuntamientodeharia.com\/haria\/wp-json\/wp\/v2\/posts\/28946\/revisions\/28948"}],"wp:featuredmedia":[{"embeddable":true,"href":"https:\/\/www.ayuntamientodeharia.com\/haria\/wp-json\/wp\/v2\/media\/28947"}],"wp:attachment":[{"href":"https:\/\/www.ayuntamientodeharia.com\/haria\/wp-json\/wp\/v2\/media?parent=28946"}],"wp:term":[{"taxonomy":"category","embeddable":true,"href":"https:\/\/www.ayuntamientodeharia.com\/haria\/wp-json\/wp\/v2\/categories?post=28946"},{"taxonomy":"post_tag","embeddable":true,"href":"https:\/\/www.ayuntamientodeharia.com\/haria\/wp-json\/wp\/v2\/tags?post=28946"}],"curies":[{"name":"wp","href":"https:\/\/api.w.org\/{rel}","templated":true}]}}