{"id":28941,"date":"2024-01-19T12:15:02","date_gmt":"2024-01-19T12:15:02","guid":{"rendered":"https:\/\/www.ayuntamientodeharia.com\/haria\/?p=28941"},"modified":"2024-01-19T12:15:02","modified_gmt":"2024-01-19T12:15:02","slug":"la-tegala-acoge-la-presentacion-del-libro-coplas-de-un-poeta-del-norte-2","status":"publish","type":"post","link":"https:\/\/www.ayuntamientodeharia.com\/haria\/la-tegala-acoge-la-presentacion-del-libro-coplas-de-un-poeta-del-norte-2\/","title":{"rendered":"La Tegala acoge la presentaci\u00f3n del libro `Coplas de un poeta del norte\u00b4"},"content":{"rendered":"<p><span style=\"font-weight: 400;\">El pasado s\u00e1bado 13 de enero, el Ayuntamiento de Har\u00eda en colaboraci\u00f3n con el Cabildo de Lanzarote present\u00f3<\/span><span style=\"font-weight: 400;\"> el libro \u2018Coplas de un poeta del norte&#8217;. Recopilaci\u00f3n de la obra no escrita del cabrero Jos\u00e9 Domingo de Le\u00f3n\u2019.\u00a0\u00a0<\/span><\/p>\n<p>&nbsp;<\/p>\n<p><span style=\"font-weight: 400;\">El acto tuvo en el Centro Sociocultural La Tegala de Har\u00eda<\/span> <span style=\"font-weight: 400;\">y cont\u00f3 con la presencia de la autora del libro, Concha de Ganzo,\u00a0 la concejal de Educaci\u00f3n del Ayuntamiento de Har\u00eda, Paula Montero y la consejera de Educaci\u00f3n, Ascensi\u00f3n Toledo, entre otros.\u00a0<\/span><\/p>\n<p>&nbsp;<\/p>\n<p><span style=\"font-weight: 400;\">El libro, de peque\u00f1o formato, recoge las coplas o recitados que el pastor de \u00d3rzola, Jos\u00e9 Domingo de Le\u00f3n, compuso de manera oral. De este modo, gracias a la publicaci\u00f3n de este libro se pueden conservar y transmitir a las pr\u00f3ximas generaciones las palabras y expresiones que usaba el pastor y que hoy en d\u00eda se encuentran en desuso y que forman parte del acervo cultural lanzarote\u00f1o.<\/span><\/p>\n<p>&nbsp;<\/p>\n<p><span style=\"font-weight: 400;\">En nuestra Biblioteca Municipal ahora contamos con ejemplares de esta obra \u00fanica, enriqueciendo as\u00ed nuestro patrimonio literario local.<\/span><\/p>\n","protected":false},"excerpt":{"rendered":"<p>El pasado s\u00e1bado 13 de enero, el Ayuntamiento de Har\u00eda en colaboraci\u00f3n con el Cabildo de Lanzarote present\u00f3 el libro \u2018Coplas de un poeta del norte&#8217;. Recopilaci\u00f3n de la obra no escrita del cabrero Jos\u00e9 Domingo de Le\u00f3n\u2019.\u00a0\u00a0 &nbsp; El acto tuvo en el Centro Sociocultural La Tegala de Har\u00eda y cont\u00f3 con la presencia [&hellip;]<\/p>\n","protected":false},"author":13,"featured_media":28942,"comment_status":"closed","ping_status":"closed","sticky":false,"template":"","format":"standard","meta":{"footnotes":""},"categories":[16,425,19],"tags":[],"class_list":["post-28941","post","type-post","status-publish","format-standard","has-post-thumbnail","hentry","category-cultura","category-destacado","category-formacion"],"_links":{"self":[{"href":"https:\/\/www.ayuntamientodeharia.com\/haria\/wp-json\/wp\/v2\/posts\/28941","targetHints":{"allow":["GET"]}}],"collection":[{"href":"https:\/\/www.ayuntamientodeharia.com\/haria\/wp-json\/wp\/v2\/posts"}],"about":[{"href":"https:\/\/www.ayuntamientodeharia.com\/haria\/wp-json\/wp\/v2\/types\/post"}],"author":[{"embeddable":true,"href":"https:\/\/www.ayuntamientodeharia.com\/haria\/wp-json\/wp\/v2\/users\/13"}],"replies":[{"embeddable":true,"href":"https:\/\/www.ayuntamientodeharia.com\/haria\/wp-json\/wp\/v2\/comments?post=28941"}],"version-history":[{"count":1,"href":"https:\/\/www.ayuntamientodeharia.com\/haria\/wp-json\/wp\/v2\/posts\/28941\/revisions"}],"predecessor-version":[{"id":28943,"href":"https:\/\/www.ayuntamientodeharia.com\/haria\/wp-json\/wp\/v2\/posts\/28941\/revisions\/28943"}],"wp:featuredmedia":[{"embeddable":true,"href":"https:\/\/www.ayuntamientodeharia.com\/haria\/wp-json\/wp\/v2\/media\/28942"}],"wp:attachment":[{"href":"https:\/\/www.ayuntamientodeharia.com\/haria\/wp-json\/wp\/v2\/media?parent=28941"}],"wp:term":[{"taxonomy":"category","embeddable":true,"href":"https:\/\/www.ayuntamientodeharia.com\/haria\/wp-json\/wp\/v2\/categories?post=28941"},{"taxonomy":"post_tag","embeddable":true,"href":"https:\/\/www.ayuntamientodeharia.com\/haria\/wp-json\/wp\/v2\/tags?post=28941"}],"curies":[{"name":"wp","href":"https:\/\/api.w.org\/{rel}","templated":true}]}}