{"id":28885,"date":"2024-01-05T11:13:40","date_gmt":"2024-01-05T11:13:40","guid":{"rendered":"https:\/\/www.ayuntamientodeharia.com\/haria\/?p=28885"},"modified":"2024-01-05T11:13:40","modified_gmt":"2024-01-05T11:13:40","slug":"mexico-sera-la-tematica-del-carnaval-de-2024-de-haria","status":"publish","type":"post","link":"https:\/\/www.ayuntamientodeharia.com\/haria\/mexico-sera-la-tematica-del-carnaval-de-2024-de-haria\/","title":{"rendered":"\u2018M\u00e9xico\u2019 ser\u00e1 la tem\u00e1tica del Carnaval de 2024 de Har\u00eda"},"content":{"rendered":"<p>El Ayuntamiento de Har\u00eda, a trav\u00e9s del \u00c1rea de Festejos que coordina Alberto de Le\u00f3n, revela que \u2018M\u00e9xico\u2019 ha sido la tem\u00e1tica elegida para protagonizar el Carnaval de 2024 en el municipio.<\/p>\n<p>Tras un procedimiento de participaci\u00f3n ciudadana llevado a cabo a trav\u00e9s de una encuesta en las redes sociales del Ayuntamiento, gran parte de las personas votantes han decidido que la alegor\u00eda de los carnavales se centre en el pa\u00eds mejicano, por encima de otros temas como la m\u00fasica o el mundo oriental.<\/p>\n<p>Desde el Ayuntamiento, agradecemos la participaci\u00f3n de todos y todas y, pr\u00f3ximamente, se informar\u00e1 acerca de las fechas y otros detalles sobre el Carnaval de 2024.<\/p>\n","protected":false},"excerpt":{"rendered":"<p>El Ayuntamiento de Har\u00eda, a trav\u00e9s del \u00c1rea de Festejos que coordina Alberto de Le\u00f3n, revela que \u2018M\u00e9xico\u2019 ha sido la tem\u00e1tica elegida para protagonizar el Carnaval de 2024 en el municipio. Tras un procedimiento de participaci\u00f3n ciudadana llevado a cabo a trav\u00e9s de una encuesta en las redes sociales del Ayuntamiento, gran parte de [&hellip;]<\/p>\n","protected":false},"author":13,"featured_media":28886,"comment_status":"closed","ping_status":"closed","sticky":false,"template":"","format":"standard","meta":{"footnotes":""},"categories":[32,425,15,11],"tags":[],"class_list":["post-28885","post","type-post","status-publish","format-standard","has-post-thumbnail","hentry","category-anuncios","category-destacado","category-festejos","category-hoja-de-haria"],"_links":{"self":[{"href":"https:\/\/www.ayuntamientodeharia.com\/haria\/wp-json\/wp\/v2\/posts\/28885","targetHints":{"allow":["GET"]}}],"collection":[{"href":"https:\/\/www.ayuntamientodeharia.com\/haria\/wp-json\/wp\/v2\/posts"}],"about":[{"href":"https:\/\/www.ayuntamientodeharia.com\/haria\/wp-json\/wp\/v2\/types\/post"}],"author":[{"embeddable":true,"href":"https:\/\/www.ayuntamientodeharia.com\/haria\/wp-json\/wp\/v2\/users\/13"}],"replies":[{"embeddable":true,"href":"https:\/\/www.ayuntamientodeharia.com\/haria\/wp-json\/wp\/v2\/comments?post=28885"}],"version-history":[{"count":1,"href":"https:\/\/www.ayuntamientodeharia.com\/haria\/wp-json\/wp\/v2\/posts\/28885\/revisions"}],"predecessor-version":[{"id":28887,"href":"https:\/\/www.ayuntamientodeharia.com\/haria\/wp-json\/wp\/v2\/posts\/28885\/revisions\/28887"}],"wp:featuredmedia":[{"embeddable":true,"href":"https:\/\/www.ayuntamientodeharia.com\/haria\/wp-json\/wp\/v2\/media\/28886"}],"wp:attachment":[{"href":"https:\/\/www.ayuntamientodeharia.com\/haria\/wp-json\/wp\/v2\/media?parent=28885"}],"wp:term":[{"taxonomy":"category","embeddable":true,"href":"https:\/\/www.ayuntamientodeharia.com\/haria\/wp-json\/wp\/v2\/categories?post=28885"},{"taxonomy":"post_tag","embeddable":true,"href":"https:\/\/www.ayuntamientodeharia.com\/haria\/wp-json\/wp\/v2\/tags?post=28885"}],"curies":[{"name":"wp","href":"https:\/\/api.w.org\/{rel}","templated":true}]}}