{"id":28818,"date":"2023-12-22T13:43:33","date_gmt":"2023-12-22T13:43:33","guid":{"rendered":"https:\/\/www.ayuntamientodeharia.com\/haria\/?p=28818"},"modified":"2023-12-22T13:43:33","modified_gmt":"2023-12-22T13:43:33","slug":"el-ayuntamiento-lleva-a-cabo-trabajos-de-limpieza-y-desinfeccion-de-los-contenedores-de-haria","status":"publish","type":"post","link":"https:\/\/www.ayuntamientodeharia.com\/haria\/el-ayuntamiento-lleva-a-cabo-trabajos-de-limpieza-y-desinfeccion-de-los-contenedores-de-haria\/","title":{"rendered":"El Ayuntamiento lleva a cabo trabajos de limpieza y desinfecci\u00f3n de los contenedores de Har\u00eda"},"content":{"rendered":"<p>El Ayuntamiento de Har\u00eda, a trav\u00e9s de la Concejal\u00eda de Servicios P\u00fablicos que coordina Ambrosio Vi\u00f1oly, ha comenzado durante esta semana el desarrollo de un plan de limpieza y desinfecci\u00f3n de los contenedores del municipio.<\/p>\n<p>El concejal detall\u00f3 que, mediante la contrataci\u00f3n de un cami\u00f3n adaptado, los operarios municipales han actuado en distintos puntos de contenedores para la recogida de residuos s\u00f3lidos. \u201cEl objetivo es la mejora de los servicios y de la limpieza y nos comprometemos a que este servicio contin\u00fae prest\u00e1ndose una vez al mes\u201d, a\u00f1adi\u00f3 el edil.<\/p>\n","protected":false},"excerpt":{"rendered":"<p>El Ayuntamiento de Har\u00eda, a trav\u00e9s de la Concejal\u00eda de Servicios P\u00fablicos que coordina Ambrosio Vi\u00f1oly, ha comenzado durante esta semana el desarrollo de un plan de limpieza y desinfecci\u00f3n de los contenedores del municipio. El concejal detall\u00f3 que, mediante la contrataci\u00f3n de un cami\u00f3n adaptado, los operarios municipales han actuado en distintos puntos de [&hellip;]<\/p>\n","protected":false},"author":13,"featured_media":28819,"comment_status":"closed","ping_status":"closed","sticky":false,"template":"","format":"standard","meta":{"footnotes":""},"categories":[425,11,23],"tags":[],"class_list":["post-28818","post","type-post","status-publish","format-standard","has-post-thumbnail","hentry","category-destacado","category-hoja-de-haria","category-obras-y-servicios"],"_links":{"self":[{"href":"https:\/\/www.ayuntamientodeharia.com\/haria\/wp-json\/wp\/v2\/posts\/28818","targetHints":{"allow":["GET"]}}],"collection":[{"href":"https:\/\/www.ayuntamientodeharia.com\/haria\/wp-json\/wp\/v2\/posts"}],"about":[{"href":"https:\/\/www.ayuntamientodeharia.com\/haria\/wp-json\/wp\/v2\/types\/post"}],"author":[{"embeddable":true,"href":"https:\/\/www.ayuntamientodeharia.com\/haria\/wp-json\/wp\/v2\/users\/13"}],"replies":[{"embeddable":true,"href":"https:\/\/www.ayuntamientodeharia.com\/haria\/wp-json\/wp\/v2\/comments?post=28818"}],"version-history":[{"count":1,"href":"https:\/\/www.ayuntamientodeharia.com\/haria\/wp-json\/wp\/v2\/posts\/28818\/revisions"}],"predecessor-version":[{"id":28820,"href":"https:\/\/www.ayuntamientodeharia.com\/haria\/wp-json\/wp\/v2\/posts\/28818\/revisions\/28820"}],"wp:featuredmedia":[{"embeddable":true,"href":"https:\/\/www.ayuntamientodeharia.com\/haria\/wp-json\/wp\/v2\/media\/28819"}],"wp:attachment":[{"href":"https:\/\/www.ayuntamientodeharia.com\/haria\/wp-json\/wp\/v2\/media?parent=28818"}],"wp:term":[{"taxonomy":"category","embeddable":true,"href":"https:\/\/www.ayuntamientodeharia.com\/haria\/wp-json\/wp\/v2\/categories?post=28818"},{"taxonomy":"post_tag","embeddable":true,"href":"https:\/\/www.ayuntamientodeharia.com\/haria\/wp-json\/wp\/v2\/tags?post=28818"}],"curies":[{"name":"wp","href":"https:\/\/api.w.org\/{rel}","templated":true}]}}